{"id":18284,"date":"2007-05-02T12:17:39","date_gmt":"2007-05-02T12:17:39","guid":{"rendered":"https:\/\/obscom.intervozes.org.br\/wordpress\/?p=18284"},"modified":"2007-05-02T12:17:39","modified_gmt":"2007-05-02T12:17:39","slug":"radios-comunitarias-reivindicam-audiencia-com-helio-costa","status":"publish","type":"post","link":"https:\/\/obscom.intervozes.org.br\/?p=18284","title":{"rendered":"R\u00e1dios comunit\u00e1rias reivindicam audi\u00eancia com H\u00e9lio Costa"},"content":{"rendered":"<p>S&Atilde;O PAULO &ndash; As entidades que se dedicam &agrave;s bandeiras da radiodifus&atilde;o comunit&aacute;ria, como a Abra&ccedil;o (Associa&ccedil;&atilde;o Brasileira de Radiodifus&atilde;o Comunit&aacute;ria) e a Amarc (Associa&ccedil;&atilde;o Mundial de R&aacute;dios Comunit&aacute;rias), devem realizar no in&iacute;cio de maio uma audi&ecirc;ncia com o ministro das Comunica&ccedil;&otilde;es do governo federal, H&eacute;lio Costa. A reivindica&ccedil;&atilde;o foi apresentada em audi&ecirc;ncia das entidades da sociedade civil ligadas &agrave; democratiza&ccedil;&atilde;o da comunica&ccedil;&atilde;o com o ministro, realizada na &uacute;ltima ter&ccedil;a-feira (24) . <\/p>\n<p>Na reuni&atilde;o, foi apresentada uma pauta comum dos movimentos e entidadesdeste campo, que inclui a realiza&ccedil;&atilde;o de uma audi&ecirc;ncia espec&iacute;fica sobre as r&aacute;dios comunit&aacute;rias. H&eacute;lio Costa solicitou que o assunto fosse encaminhado junto &agrave; sua assessoria e a expectativa &eacute; de que a audi&ecirc;ncia possa ocorrer nas primeiras semanas de maio. <\/p>\n<p>Entre os temas a serempautados na audi&ecirc;ncia, estariam o fim da criminaliza&ccedil;&atilde;o das emissoras comunit&aacute;rias, amplia&ccedil;&atilde;o dos debates e prazos para a digitaliza&ccedil;&atilde;o do r&aacute;dio no pa&iacute;s, mecanismos para sustenta&ccedil;&atilde;o das comunit&aacute;rias e acelera&ccedil;&atilde;o dos milhares de processos de habilita&ccedil;&atilde;o de r&aacute;dios desse g&ecirc;nero quese encontram estacionados no minist&eacute;rio. <\/p>\n<p>O tema &eacute; um dos calcanhares-de-aquiles do governo de Luiz In&aacute;cio Lula da Silva na &aacute;rea da comunica&ccedil;&atilde;o. Um grupo de trabalho interministerial (GTI) foi formado ainda no primeiro mandato de Lula e apresentou em 2005 sugest&otilde;es para solucionaros maiores problemas do setor. O relat&oacute;rio final do GTI foi encaminhado pelo minist&eacute;rio das Comunica&ccedil;&otilde;es (MiniCom) a Lula, mas at&eacute; o momento as solu&ccedil;&otilde;es n&atilde;o foram tornadas pr&aacute;ticas do governo. <\/p>\n<p>&#39;Existe realmente uma dificuldade do MiniCom para tratar esse setor. &Eacute; algo manifestado pelo pr&oacute;prio minist&eacute;rio e pelos movimentos&#39;, reconhece Delcimar Pires, assessor especial da presid&ecirc;ncia da Rep&uacute;blica e que participou dos trabalhos do GTI. Segundo Pires, &#39;o governo, por excel&ecirc;ncia, tem que encontrar sa&iacute;da para os problemas que afetam a popula&ccedil;&atilde;o. E esse tema das r&aacute;dios comunit&aacute;rias &eacute; algo que o governo Lula n&atilde;o pretende deixar sem uma resposta&#39;. <\/p>\n<p>Em entrevista &agrave; Carta Maior, Pires ponderou que existem exemplos em outras &aacute;reas do governo que trazem indica&ccedil;&otilde;es sobre como trabalhar a situa&ccedil;&atilde;o. &#39;O Minist&eacute;rio do Desenvolvimento Agr&aacute;rio e o Minist&eacute;rio da Agricultura, por exemplo, cuidam ambos da produ&ccedil;&atilde;o no campo, da terra, da agricultura, mas um &eacute; voltado ao agroneg&oacute;cio e o outro &agrave; agricultura familiar e &agrave; reforma agr&aacute;ria&#39;. Para ele, deve e tamb&eacute;m pode existir esse tipo de corte nas comunica&ccedil;&otilde;es, &#39;mas &eacute; preciso ver qual seriaesse corte&#39;. <\/p>\n<p>No caso da cria&ccedil;&atilde;o de uma rede de TV p&uacute;blica, houve desencontros quanto a quem capitanearia o processo, que agora se encontra sob o comando do ministro da Secretaria de Comunica&ccedil;&atilde;o Social, Franklin Martins. <\/p>\n<p>No caso das r&aacute;dios comunit&aacute;rias, uma das possibilidades cogitadas pelo governo, surgida a partir de di&aacute;logos com o pr&oacute;prio movimento de radiodifus&atilde;o comunit&aacute;ria, seria no sentido o governo federal repassar as quest&otilde;es ligadas ao tema para a pasta comandada por Martins. Algo que o novo ministro de in&iacute;cio parece n&atilde;o ter muito interesse emassumir, tanto pelas dificuldades que hoje envolvem a quest&atilde;o quanto pela poss&iacute;vel indisposi&ccedil;&atilde;o que criaria com H&eacute;lio Costa. <\/p>\n<p>Segundo Delcimar Pires, trata-se de uma possibilidade completamente incipiente, seja do ponto de vista do governo seja do ponto de vista dos movimentos. O que est&aacute; claro para o governo, de acordo com o assessor da presid&ecirc;ncia, &eacute; que a situa&ccedil;&atilde;o das r&aacute;dios comunit&aacute;rias &#39;&eacute; um desafio que vamos ter de enfrentar, e para trabalhar melhor isso, o governo certamente ter&aacute; de se estruturar nessa &aacute;rea&#39;. Com o diagn&oacute;stico consolidado, o governo agora analisar&aacute; internamente sobre como trabalhar o tema em definitivo. &#39;N&atilde;o posso falar em nome do governo, at&eacute; onde e como ir&aacute; este di&aacute;logo e se ser&aacute; algo r&aacute;pido, mas certamente n&atilde;o iremos nos furtar a isso&#39;. <\/p>\n<p>A reportagem de Carta Maior procurou ouvir outros setores sobre a possibilidade de a Secom se tornar a pasta respons&aacute;vel pela radiodifus&atilde;o comunit&aacute;ria. O Minicom n&atilde;o se pronunciou a respeito. Na Secretaria-Geral da presid&ecirc;ncia da Rep&uacute;blica, a assessoria afirmou n&atilde;o saber se a id&eacute;ia era tema de debate do governo como um todo. Na assessoria da Casa Civil, foi sugerido &agrave; reportagem procurar a pr&oacute;pria presid&ecirc;ncia ou a Secom. E a Secom prop&ocirc;s que a reportagem ouvisse o assessor da presid&ecirc;ncia Delcimar Pires. <\/p>\n<p><img loading=\"lazy\" decoding=\"async\" src=\"images\/stories\/politica_publicacoes\/c_invertido_pq.png\" alt=\"Active Image\" width=\"15\" height=\"15\" \/><\/p>\n<p>&nbsp;<\/p>\n","protected":false},"excerpt":{"rendered":"<p>As entidades que se dedicam \u00e0 radiodifus\u00e3o comunit\u00e1ria, como a Abra\u00e7o (Associa\u00e7\u00e3o Brasileira de Radiodifus\u00e3o Comunit\u00e1ria) e a Amarc (Associa\u00e7\u00e3o Mundial de R\u00e1dios Comunit\u00e1rias), devem realizar em maio uma audi\u00eancia com o ministro das Comunica\u00e7\u00f5es, H\u00e9lio Costa.<\/p>\n","protected":false},"author":1,"featured_media":0,"comment_status":"open","ping_status":"open","sticky":false,"template":"","format":"standard","meta":{"footnotes":""},"categories":[40],"tags":[85],"_links":{"self":[{"href":"https:\/\/obscom.intervozes.org.br\/index.php?rest_route=\/wp\/v2\/posts\/18284"}],"collection":[{"href":"https:\/\/obscom.intervozes.org.br\/index.php?rest_route=\/wp\/v2\/posts"}],"about":[{"href":"https:\/\/obscom.intervozes.org.br\/index.php?rest_route=\/wp\/v2\/types\/post"}],"author":[{"embeddable":true,"href":"https:\/\/obscom.intervozes.org.br\/index.php?rest_route=\/wp\/v2\/users\/1"}],"replies":[{"embeddable":true,"href":"https:\/\/obscom.intervozes.org.br\/index.php?rest_route=%2Fwp%2Fv2%2Fcomments&post=18284"}],"version-history":[{"count":0,"href":"https:\/\/obscom.intervozes.org.br\/index.php?rest_route=\/wp\/v2\/posts\/18284\/revisions"}],"wp:attachment":[{"href":"https:\/\/obscom.intervozes.org.br\/index.php?rest_route=%2Fwp%2Fv2%2Fmedia&parent=18284"}],"wp:term":[{"taxonomy":"category","embeddable":true,"href":"https:\/\/obscom.intervozes.org.br\/index.php?rest_route=%2Fwp%2Fv2%2Fcategories&post=18284"},{"taxonomy":"post_tag","embeddable":true,"href":"https:\/\/obscom.intervozes.org.br\/index.php?rest_route=%2Fwp%2Fv2%2Ftags&post=18284"}],"curies":[{"name":"wp","href":"https:\/\/api.w.org\/{rel}","templated":true}]}}