{"id":18283,"date":"2007-05-02T11:52:29","date_gmt":"2007-05-02T11:52:29","guid":{"rendered":"https:\/\/obscom.intervozes.org.br\/wordpress\/?p=18283"},"modified":"2007-05-02T11:52:29","modified_gmt":"2007-05-02T11:52:29","slug":"fenaj-pede-a-policia-federal-providencias-sobre-abuso-de-poder-no-para","status":"publish","type":"post","link":"https:\/\/obscom.intervozes.org.br\/?p=18283","title":{"rendered":"Fenaj pede \u00e0 Pol\u00edcia Federal provid\u00eancias sobre abuso de poder no Par\u00e1"},"content":{"rendered":"<p>Na semana passada o Sindicato dos Jornalistas do Par&aacute; e a FENAJ lan&ccedil;aram nota de rep&uacute;dio a a&ccedil;&atilde;o de um policial federal do estado, que agrediu e deu voz de pris&atilde;o a uma equipe de reportagem da TV Record em Bel&eacute;m. O Sindicato dos Policiais Federais do Estado do Par&aacute; lan&ccedil;ou nota de esclarecimento onde defende a a&ccedil;&atilde;o de seu colega. A FENAJ recorreu &agrave; superintend&ecirc;ncia da PF em Bras&iacute;lia e quer provid&ecirc;ncias.<\/p>\n<p>Na quarta-feira passada (25\/04), ap&oacute;s ser acusado de assassinar um assaltante, na manh&atilde; da ter&ccedil;a-feira, 24, em frente ao col&eacute;gio Gr&atilde;o Par&aacute;, na capital paraense, o policial federal identificado pelas iniciais A.D.O., agrediu e deu voz de pris&atilde;o ao rep&oacute;rter cinematogr&aacute;fico Ed&iacute;lson Matos, a rep&oacute;rter C&eacute;lia Pinho e ao motorista Marcelo Silva, da equipe da TV Record em Bel&eacute;m. Em Nota Oficial, a FENAJ e o Sindicato dos Jornalistas do Par&aacute; repudiaram a atitude, qualificando a a&ccedil;&atilde;o como atentado &agrave; liberdade de imprensa e abuso de poder.<\/p>\n<p>J&aacute; em Nota de Esclarecimento lan&ccedil;ada no dia 26, o Sindicato dos Policiais Federais no Estado do Par&aacute; saiu em defesa do agente federal. Argumentou que a equipe da TV Record entrou no gabinete do delegado que preside o inqu&eacute;rito sem autoriza&ccedil;&atilde;o e foi convidada a se retirar. Os profissionais de imprensa teriam resistido em sair &ldquo;mesmo diante das argumenta&ccedil;&otilde;es dos Delegados, de que por ser o trabalho policial fun&ccedil;&atilde;o de risco, e que a imagem do policial teria que ser preservada&rdquo;.<\/p>\n<p>O presidente da FENAJ, S&eacute;rgio Murillo de Andrade, entrou em contato com o delegado geral da Pol&iacute;cia Federal, Paulo Lacerda, para pedir esclarecimentos sobre o fato e solicitar provid&ecirc;ncias. Lacerda garantiu que se houve excessos, a corregedoria da PF vai apurar.<\/p>\n<p>&nbsp;<\/p>\n<p>&nbsp;<\/p>\n","protected":false},"excerpt":{"rendered":"<p>Na semana passada o Sindicato dos Jornalistas do Par\u00e1 e a FENAJ lan\u00e7aram nota de rep\u00fadio a a\u00e7\u00e3o de um policial federal do estado, que agrediu e deu voz de pris\u00e3o a uma equipe de reportagem da TV Record em Bel\u00e9m.<\/p>\n","protected":false},"author":1,"featured_media":0,"comment_status":"open","ping_status":"open","sticky":false,"template":"","format":"standard","meta":{"footnotes":""},"categories":[40],"tags":[204],"_links":{"self":[{"href":"https:\/\/obscom.intervozes.org.br\/index.php?rest_route=\/wp\/v2\/posts\/18283"}],"collection":[{"href":"https:\/\/obscom.intervozes.org.br\/index.php?rest_route=\/wp\/v2\/posts"}],"about":[{"href":"https:\/\/obscom.intervozes.org.br\/index.php?rest_route=\/wp\/v2\/types\/post"}],"author":[{"embeddable":true,"href":"https:\/\/obscom.intervozes.org.br\/index.php?rest_route=\/wp\/v2\/users\/1"}],"replies":[{"embeddable":true,"href":"https:\/\/obscom.intervozes.org.br\/index.php?rest_route=%2Fwp%2Fv2%2Fcomments&post=18283"}],"version-history":[{"count":0,"href":"https:\/\/obscom.intervozes.org.br\/index.php?rest_route=\/wp\/v2\/posts\/18283\/revisions"}],"wp:attachment":[{"href":"https:\/\/obscom.intervozes.org.br\/index.php?rest_route=%2Fwp%2Fv2%2Fmedia&parent=18283"}],"wp:term":[{"taxonomy":"category","embeddable":true,"href":"https:\/\/obscom.intervozes.org.br\/index.php?rest_route=%2Fwp%2Fv2%2Fcategories&post=18283"},{"taxonomy":"post_tag","embeddable":true,"href":"https:\/\/obscom.intervozes.org.br\/index.php?rest_route=%2Fwp%2Fv2%2Ftags&post=18283"}],"curies":[{"name":"wp","href":"https:\/\/api.w.org\/{rel}","templated":true}]}}