{"id":18279,"date":"2007-05-02T10:42:49","date_gmt":"2007-05-02T10:42:49","guid":{"rendered":"https:\/\/obscom.intervozes.org.br\/wordpress\/?p=18279"},"modified":"2014-09-07T02:53:20","modified_gmt":"2014-09-07T02:53:20","slug":"eleicoes-revelam-influencia-do-governador-na-padre-anchieta","status":"publish","type":"post","link":"https:\/\/obscom.intervozes.org.br\/?p=18279","title":{"rendered":"Elei\u00e7\u00f5es revelam influ\u00eancia do governador na Padre Anchieta"},"content":{"rendered":"<p style=\"margin: 0cm 0cm 0pt\" class=\"MsoNormal\"><span>No pr&oacute;ximo dia 7 de maio, a Funda&ccedil;&atilde;o Padre Anchieta (FPA) conhecer&aacute; seu novo presidente, que ficar&aacute; &agrave; frente da mantenedora da TV Cultura e das emissoras de r&aacute;dio Cultura AM e FM pelos pr&oacute;ximos tr&ecirc;s anos. E, com a aproxima&ccedil;&atilde;o do processo eleitoral, tanto o atual dirigente da funda&ccedil;&atilde;o, Marcos Mendon&ccedil;a, quanto o &uacute;nico candidato ao cargo, Paulo Markun, optam pelo sil&ecirc;ncio at&eacute; a divulga&ccedil;&atilde;o do resultado da escolha pelos 47 membros do Conselho Curador da institui&ccedil;&atilde;o. Mas, se presidente e candidato querem ficar longe de c&acirc;meras e gravadores, o Governo do Estado de S&atilde;o Paulo apareceu novamente sob os holofotes, como de h&aacute;bito, na figura do respons&aacute;vel pela pasta da Cultura, hoje ocupada por Jo&atilde;o Sayad. Porta-voz do atual governador, Jos&eacute; Serra, Sayad tem manifestado publicamente a simpatia pelo diretor e apresentador do programa Roda Viva.<\/p>\n<p><\/span><\/p>\n<p><span>A simpatia declarada dos atuais ocupantes do Pal&aacute;cio dos Bandeirantes por Markun coincide com a desist&ecirc;ncia de Mendon&ccedil;a da disputa por sua recondu&ccedil;&atilde;o, em uma hist&oacute;ria que se repete: tanto este processo eleitoral quanto os anteriores evidenciam a inger&ecirc;ncia do Executivo estadual nas elei&ccedil;&otilde;es da mantenedora da TV Cultura. N&atilde;o &eacute; ao acaso, por exemplo, que na gest&atilde;o Mario Covas, <\/span><span>Cunha Lima tenha<\/span><span> sido al&ccedil;ado &agrave; Presid&ecirc;ncia da FPA; que seu colega, Marcos Mendon&ccedil;a, tenha o substitu&iacute;do na gest&atilde;o Geraldo Alckmin; e que, hoje, com Jos&eacute; Serra a frente do governo, seja a vez de Paulo Markun ocupar o cargo mais importante da Padre Anchieta. Seja Markun um bom nome para o cargo ou n&atilde;o, a m&atilde;o-forte do governo estadual mais uma vez se faz presente. Dessa vez, Jos&eacute; Serra, sempre candidato ao Pal&aacute;cio do Planalto, quer no comando da Cultura algu&eacute;m desvinculado do ex-governador Geraldo Alckmin. <\/p>\n<p><\/span><span>A influ&ecirc;ncia do governo paulista na Funda&ccedil;&atilde;o Padre Anchieta manifesta-se nos dois aspectos que, em tese, s&atilde;o as espinhas dorsais daquilo se denomina &ldquo;televis&atilde;o p&uacute;blica&rdquo;: a gest&atilde;o e o financiamento. Na gest&atilde;o, em fun&ccedil;&atilde;o da forma como s&atilde;o realizadas as elei&ccedil;&otilde;es, a cada tr&ecirc;s anos. No financiamento, pela possibilidade que tem o Executivo de abrir ou fechar a torneira das verbas repassadas &agrave; funda&ccedil;&atilde;o, interferindo no cotidiano do funcionamento das emissoras.<\/span><span>&nbsp;<\/p>\n<p><\/span><span><strong>A matem&aacute;tica da maioria<\/p>\n<p><\/strong><\/span><span>O Conselho Curador da FPA, que elege a dire&ccedil;&atilde;o da institui&ccedil;&atilde;o, &eacute; formado por 23 membros eletivos representantes da sociedade civil, 20 membros natos representantes de institui&ccedil;&otilde;es p&uacute;blicas e privadas, tr&ecirc;s membros vital&iacute;cios e um representante dos funcion&aacute;rios. Todos t&ecirc;m o mesmo poder de voto nas elei&ccedil;&otilde;es sucess&oacute;rias. S&atilde;o os membros natos e vital&iacute;cios &#8211; a maioria indicada direta ou indiretamente pelo Governo do Estado &#8211; que elegem os representantes da sociedade civil (a maioria entre os membros natos, portanto, garante maioria no conjunto do conselho). Assim, o que deveria ser um conselho aut&ocirc;nomo, na pr&aacute;tica &eacute; uma extens&atilde;o, mesmo que difusa, do pensamento do Pal&aacute;cio dos Bandeirantes e de sua tradicional maioria na Assembl&eacute;ia Legislativa. N&atilde;o &agrave; toa, os &uacute;ltimos presidentes da Funda&ccedil;&atilde;o t&ecirc;m not&oacute;ria liga&ccedil;&atilde;o com o PSDB, que governa o Estado de S&atilde;o Paulo h&aacute; mais de uma d&eacute;cada.<\/span><span>&nbsp;<\/span><span>(<a href=\"http:\/\/localhost\/intervozes_direitoacomunicacao\/wordpress\/?p=18093\"><strong>confira o estatuto da FPA clicando aqui<\/strong><\/a>)&nbsp;<\/p>\n<p><\/span><span>Tais la&ccedil;os, contudo, n&atilde;o passam despercebidos. &ldquo;&Eacute; uma grande incoer&ecirc;ncia termos uma televis&atilde;o p&uacute;blica &#8211; cujo objetivo &eacute; n&atilde;o ficar ref&eacute;m do governante &#8211; que sofre com a constante e ininterrupta inger&ecirc;ncia do ocupante do Governo do Estado. Isso &eacute; algo que se repete na hist&oacute;ria. O Conselho Curador &eacute; a institui&ccedil;&atilde;o m&aacute;xima da Funda&ccedil;&atilde;o Padre Anchieta, sob o qual n&atilde;o deveria caber nenhum tipo de interfer&ecirc;ncia, mas infelizmente n&atilde;o &eacute; isso que acontece. N&atilde;o fosse assim, quem estaria discutindo a sucess&atilde;o n&atilde;o seria o governador, e sim o conjunto da sociedade paulista&rdquo;, avalia Laurindo Leal Filho, professor da Escola de Comunica&ccedil;&otilde;es e Artes da USP e estudioso das televis&otilde;es p&uacute;blicas. <\/span><span>&nbsp;<\/p>\n<p><\/span><span>O deputado estadual Sim&atilde;o Pedro, l&iacute;der do PT na Assembl&eacute;ia Legislativa e por anos membro da Comiss&atilde;o de Ci&ecirc;ncia e Tecnologia, concorda: &ldquo;A forma como Alckmin fez, e agora o Serra faz, &eacute; uma clara interven&ccedil;&atilde;o na gest&atilde;o da Funda&ccedil;&atilde;o Padre Anchieta. Independentemente da capacidade do Paulo Markun, que inclusive tem todas as condi&ccedil;&otilde;es para fazer um bom trabalho, o fato &eacute; que se Mendon&ccedil;a fosse aliado do atual governador, certamente continuaria no comando&rdquo;. <\/span><span>&nbsp;<\/p>\n<p><\/span><span>Mas n&atilde;o s&atilde;o somente os petistas que enxergam a influ&ecirc;ncia direta do governador na sucess&atilde;o da Padre Anchieta. Segundo a reportagem publicada pela Gazeta Mercantil no dia 4 de abril, o governador est&aacute; sendo criticado por alguns setores de seu pr&oacute;prio partido por ter assumido postura intervencionista no caso da sucess&atilde;o na TV Cultura. &ldquo;Ao influenciar na defini&ccedil;&atilde;o da dire&ccedil;&atilde;o da Cultura, Serra est&aacute; fazendo o que seus antecessores fizeram e os tucanos criticam no Lula&rdquo;, afirmou ao jornal um parlamentar do PSDB que preferiu n&atilde;o ser identificado. <\/span><span>&nbsp;<\/p>\n<p><\/span><span><strong>O papel do Conselho<\/p>\n<p><\/strong><\/span><span>O professor Lalo Leal aponta que o papel do conselho, entre outros, deveria ser de ouvidor da sociedade. &ldquo;Os cidad&atilde;os deveriam ter no conselho um canal para se manifestar sobre o servi&ccedil;o p&uacute;blico pelo qual s&atilde;o respons&aacute;veis as emissoras da Padre Anchieta&rdquo;, diz, apontando que a sociedade paulista poderia, se informada, participar de forma mais ativa nos debates sobre os rumos da funda&ccedil;&atilde;o. &ldquo;&Eacute; t&atilde;o simples fazer coisas como colocar no site da Funda&ccedil;&atilde;o os contatos dos conselheiros e divulg&aacute;-los na programa&ccedil;&atilde;o. Afinal, &eacute; preciso que as pessoas possam fazer contato com eles, pois s&atilde;o, em tese, seus representantes. Mais do que isso, &eacute; um dever dos conselheiros manter um canal de di&aacute;logo com a sociedade&rdquo;, afirma o professor.<\/span><span>&nbsp;<\/p>\n<p><\/span><span>Corrobora a tese do professor o desleixo com que a Funda&ccedil;&atilde;o Padre Anchieta trata a publicidade das informa&ccedil;&otilde;es p&uacute;blicas essenciais, como a pr&oacute;pria lista dos integrantes do Conselho Curador da FPA, dispon&iacute;vel no site da TV Cultura, que h&aacute; cinco dias das elei&ccedil;&otilde;es permanece desatualizada. &Eacute; sabido, inclusive, que Eug&ecirc;nio Bucci, <\/span><span>Gustavo Ioschpe<\/span><span>, Luiz Gonzaga Beluzzo, Matinas Suzuki e Rubens Barbosa assumem como membros eletivos no lugar de F&aacute;bio Lucas, Margarida Cintra Gordinho, Carlos Alberto Pastore, Miguel Jorge e Regina Meyer. Milu Vilela e o pr&oacute;prio Marcos Mendon&ccedil;a foram reconduzidos a membros eletivos e seguem integrando o Conselho.<\/span><span>&nbsp;<\/p>\n<p><\/span><span><strong>A &ldquo;m&atilde;o-forte&rdquo; nos recursos<\/strong> <\/p>\n<p><\/span><span>A TV Cultura tem o maior or&ccedil;amento entre as 26 mais importantes TVs educativas e institucionais do pa&iacute;s. Embora nas &uacute;ltimas gest&otilde;es a emissora tenha se esfor&ccedil;ado para captar recursos no mercado publicit&aacute;rio, a maior parte de seus recursos permanece vinculada ao or&ccedil;amento do Executivo. H<\/span><span>istoricamente, entretanto, como os recursos destinados &agrave; FPA podem ser bloqueados ou transferidos para outros fins, o governador repassa a seu gosto as verbas, extrapolando a tarefa de mantenedor e interferindo politicamente na FPA. &ldquo;Impera, infelizmente, a l&oacute;gica do &lsquo;eu pago&rsquo;, ent&atilde;o &lsquo;quero dizer como vai ser&rsquo;, como se o or&ccedil;amento do Estado de S&atilde;o Paulo fosse algo privativo do governante. Isso n&atilde;o deveria acontecer em uma televis&atilde;o p&uacute;blica, pois coloca em xeque o pr&oacute;prio car&aacute;ter da emissora, j&aacute; que, para ser chamada de p&uacute;blica, deve ser independente&rdquo;, afirma o deputado Sim&atilde;o Pedro.<\/span><span>&nbsp;<br \/><\/span><span><br \/>Jorge Cunha Lima, que conviveu com essa tens&atilde;o permanente&nbsp;quando dirigiu a funda&ccedil;&atilde;o (1995-2004), pondera, sem deixar de apontar o centro da quest&atilde;o: &ldquo;O modelo da TV Cultura ainda &eacute; o melhor que temos no Brasil. Temos um respaldo jur&iacute;dico para a dota&ccedil;&atilde;o or&ccedil;ament&aacute;ria. Falta regulamentar e estabilizar esta verba, j&aacute; que sem estabilidade da verba, n&atilde;o existe autonomia editorial&rdquo;, diz. &ldquo;Essa discuss&atilde;o, sobre o que &eacute; p&uacute;blico, felizmente estar&aacute; em foco nos debates do F&oacute;rum de TVs P&uacute;blicas&rdquo;, completa Cunha Lima, referindo-se ao evento promovido pelo governo federal que ser&aacute; realizado de 8 a 11 de maio em Bras&iacute;lia.<\/span><span>&nbsp;<\/p>\n<p><\/span><span><strong>Debate sem p&uacute;blico<\/strong><\/span><span> <\/p>\n<p><\/span><span>O sil&ecirc;ncio do atual presidente, Marcos Mendon&ccedil;a, e do &uacute;nico candidato, Paulo Markun, refor&ccedil;am as evid&ecirc;ncias de que ainda h&aacute; muito a caminhar no Brasil quando o assunto &eacute; televis&atilde;o p&uacute;blica. O Observat&oacute;rio do Direito &agrave; Comunica&ccedil;&atilde;o entrou <\/span><span>em contato com Markun<\/span><span> e Mendon&ccedil;a por meio da assessoria de imprensa da FPA, mas foi informado de que ambos n&atilde;o se manifestariam at&eacute; a posse do novo presidente. A reda&ccedil;&atilde;o ent&atilde;o procurou a empresa de Markun, a Rivanche Produ&ccedil;&otilde;es, que produz o site Jornal de Debates, do canal IG. Em resposta, o atual apresentador do programa Roda Viva escreveu: &ldquo;N&atilde;o darei nenhuma entrevista a nenhum ve&iacute;culo at&eacute; dia 14 de junho, salvo sobre o Roda Viva, que apresento e dirijo. A elei&ccedil;&atilde;o na FPA, como voc&ecirc; sabe, acontece dia sete de maio e at&eacute; o momento s&oacute; h&aacute; um candidato com indica&ccedil;&atilde;o aprovada. Mas &eacute; perfeitamente poss&iacute;vel que outro nome se coloque e, portanto, seria uma temeridade dar qualquer opini&atilde;o neste momento. Depois do dia 14, quando acontece a posse, se for mesmo o escolhido, estarei &agrave;s ordens&rdquo;.<\/span><span><\/p>\n<p><\/span><span>A reda&ccedil;&atilde;o tamb&eacute;m tentou, em v&atilde;o, entrar em&nbsp;contato com Mendon&ccedil;a. Apesar do sil&ecirc;ncio, Mendon&ccedil;a deixou clara a motiva&ccedil;&atilde;o de sua desist&ecirc;ncia da disputa pela dire&ccedil;&atilde;o da FPA durante a reuni&atilde;o extraordin&aacute;ria do Conselho realizada em 23 de abril: &ldquo;&eacute; p&uacute;blica a predile&ccedil;&atilde;o por outro nome para a dire&ccedil;&atilde;o da FPA, sendo assim, avalio que hoje, tendo conclu&iacute;do o trabalho de saneamento, moderniza&ccedil;&atilde;o e amplia&ccedil;&atilde;o da produ&ccedil;&atilde;o, conv&eacute;m que eu n&atilde;o dispute a elei&ccedil;&atilde;o&quot; (o resumo da exposi&ccedil;&atilde;o de Mendon&ccedil;a est&aacute; no <a href=\"http:\/\/blogjorgedacunhalima.blig.ig.com.br\/\">blog mantido por <\/a><\/span><span><a href=\"http:\/\/blogjorgedacunhalima.blig.ig.com.br\/\">Jorge Cunha Lima<\/a><\/span><span>.<\/span><span>&nbsp;<\/p>\n<p><\/span><span>A op&ccedil;&atilde;o de evitar a exposi&ccedil;&atilde;o p&uacute;blica at&eacute; a realiza&ccedil;&atilde;o das elei&ccedil;&otilde;es &eacute; questionada pelo professor Laurindo Leal Filho. &ldquo;Pessoas p&uacute;blicas deveriam estar sempre &agrave; disposi&ccedil;&atilde;o do p&uacute;blico. A expectativa &eacute; que o Markun, como profissional da &aacute;rea, d&ecirc; outros rumos &agrave; emissora. Mas &eacute; ineg&aacute;vel que a forma como o processo vem sendo conduzido &eacute; muito semelhante ao que acontece h&aacute; anos, ou seja, sem a transpar&ecirc;ncia que deveria ter&rdquo;, afirma o professor. O deputado Sim&atilde;o Pedro concorda: &ldquo;Em uma TV p&uacute;blica gerida, inclusive, com recursos p&uacute;blicos, &eacute; dever dos candidatos e do atual presidente dialogarem com a sociedade. O sil&ecirc;ncio n&atilde;o faz bem a ningu&eacute;m&rdquo;, diz o deputado.<\/span><span>&nbsp;<br \/><\/span><span><br \/>Entre o sil&ecirc;ncio e as meias palavras, a elei&ccedil;&atilde;o para a dire&ccedil;&atilde;o da funda&ccedil;&atilde;o que administra o maior or&ccedil;amento entre as TVs educativas do pa&iacute;s segue seu caminho, como de h&aacute;bito: quase an&ocirc;nima, evidenciando os limites do car&aacute;ter p&uacute;blico da Funda&ccedil;&atilde;o Padre Anchieta que, se at&eacute; hoje j&aacute; prestou servi&ccedil;os de alta relev&acirc;ncia para a sociedade paulista e brasileira, pode cumprir ainda melhor o seu papel se a<\/span><span>mpliados os la&ccedil;os com a sociedade e reduzidas as possibilidades de interfer&ecirc;ncia estatal (sem que o Estado se desobrigue do financiamento da funda&ccedil;&atilde;o).&nbsp;<\/span><span>&nbsp;<\/p>\n<p><\/span><span>* colaboraram Diogo Moyses e Henrique Costa.<\/span><\/p>\n<p>&nbsp;<\/p>\n<p><span>&nbsp;<img loading=\"lazy\" decoding=\"async\" src=\"images\/stories\/politica_publicacoes\/c_invertido_pq.png\" alt=\"Active Image\" width=\"15\" height=\"15\" \/>&nbsp;permitida a publica&ccedil;&atilde;o desde que citada a fonte.<\/span><\/p>\n<p>&nbsp;<\/p>\n","protected":false},"excerpt":{"rendered":"<p>No pr\u00f3ximo dia 7 de maio a Funda\u00e7\u00e3o Padre Anchieta (FPA) conhecer\u00e1 seu novo presidente, que comandar\u00e1 a mantenedora da TV Cultura pelos pr\u00f3ximos tr\u00eas anos. Com a aproxima\u00e7\u00e3o das elei\u00e7\u00f5es, surgem os sinais da interfer\u00eancia do governador Jos\u00e9 Serra (PSDB) na sucess\u00e3o.<\/p>\n","protected":false},"author":1,"featured_media":0,"comment_status":"open","ping_status":"open","sticky":false,"template":"","format":"standard","meta":{"footnotes":""},"categories":[40],"tags":[201],"_links":{"self":[{"href":"https:\/\/obscom.intervozes.org.br\/index.php?rest_route=\/wp\/v2\/posts\/18279"}],"collection":[{"href":"https:\/\/obscom.intervozes.org.br\/index.php?rest_route=\/wp\/v2\/posts"}],"about":[{"href":"https:\/\/obscom.intervozes.org.br\/index.php?rest_route=\/wp\/v2\/types\/post"}],"author":[{"embeddable":true,"href":"https:\/\/obscom.intervozes.org.br\/index.php?rest_route=\/wp\/v2\/users\/1"}],"replies":[{"embeddable":true,"href":"https:\/\/obscom.intervozes.org.br\/index.php?rest_route=%2Fwp%2Fv2%2Fcomments&post=18279"}],"version-history":[{"count":1,"href":"https:\/\/obscom.intervozes.org.br\/index.php?rest_route=\/wp\/v2\/posts\/18279\/revisions"}],"predecessor-version":[{"id":27733,"href":"https:\/\/obscom.intervozes.org.br\/index.php?rest_route=\/wp\/v2\/posts\/18279\/revisions\/27733"}],"wp:attachment":[{"href":"https:\/\/obscom.intervozes.org.br\/index.php?rest_route=%2Fwp%2Fv2%2Fmedia&parent=18279"}],"wp:term":[{"taxonomy":"category","embeddable":true,"href":"https:\/\/obscom.intervozes.org.br\/index.php?rest_route=%2Fwp%2Fv2%2Fcategories&post=18279"},{"taxonomy":"post_tag","embeddable":true,"href":"https:\/\/obscom.intervozes.org.br\/index.php?rest_route=%2Fwp%2Fv2%2Ftags&post=18279"}],"curies":[{"name":"wp","href":"https:\/\/api.w.org\/{rel}","templated":true}]}}