{"id":18262,"date":"2007-04-26T11:22:15","date_gmt":"2007-04-26T11:22:15","guid":{"rendered":"https:\/\/obscom.intervozes.org.br\/wordpress\/?p=18262"},"modified":"2007-04-26T11:22:15","modified_gmt":"2007-04-26T11:22:15","slug":"por-imunidade-sardenberg-pode-ficar-de-fora-do-conselho-diretor","status":"publish","type":"post","link":"https:\/\/obscom.intervozes.org.br\/?p=18262","title":{"rendered":"Por imunidade, Sardenberg pode ficar de fora do conselho diretor"},"content":{"rendered":"<p>Apesar de aprovado pela Comiss&atilde;o de Infra-Estrutura e pelo plen&aacute;rio do Senado Federal, o embaixador Ronaldo Sardenberg pode n&atilde;o assumir o cargo de conselheiro no Conselho Diretor da Anatel. Fontes bem informadas apostam que o embaixador buscaria uma posi&ccedil;&atilde;o como ministro de Estado (mais provavelmente, ministro da Defesa, mas n&atilde;o se descarta tamb&eacute;m a vaga no novo &quot;minist&eacute;rio do Futuro&quot;, atualmente prometido para o fil&oacute;sofo Mangabeira Unger). <\/p>\n<p>A raz&atilde;o para a preocupa&ccedil;&atilde;o de Sardenberg &eacute; simples: deixando a ONU, perde a imunidade que o protege do processo por improbidade administrativa que atualmente corre no Supremo Tribunal Federal. Sardenberg est&aacute; sendo processado por ter utilizado avi&atilde;o da FAB para fazer viagem de turismo em companhia de sua esposa para Fernando de Noronha, na &eacute;poca em que era ministro do ent&atilde;o presidente Fernando Henrique Cardoso. <\/p>\n<p>A nomea&ccedil;&atilde;o para o minist&eacute;rio da Defesa devolveria imediatamente ao embaixador a imunidade, mantendo o processo no STF.<\/p>\n<p>Na manh&atilde; desta quarta-feira, 25, H&eacute;lio Costa disse que esteve com o embaixador em Nova York, com quem conversou longamente, e est&aacute; aguardando seu sinal verde (quando ele teria resolvido todas as pend&ecirc;ncias que ainda tem por l&aacute;) para disparar o processo de publica&ccedil;&atilde;o do decreto nomeando-o conselheiro da ag&ecirc;ncia. &quot;Uma vez publicado o Decreto, a pessoa ter&aacute; 30 dias para assumir&quot;, lembrou H&eacute;lio Costa.<\/p>\n<p><strong>Bedran<\/strong><\/p>\n<p>Em rela&ccedil;&atilde;o &agrave; nomea&ccedil;&atilde;o de Ant&ocirc;nio Bedran, o ministro H&eacute;lio Costa anunciou que o decreto com sua nomea&ccedil;&atilde;o dever&aacute; ser publicado nos pr&oacute;ximos dias. <\/p>\n<p>&nbsp;<img loading=\"lazy\" decoding=\"async\" src=\"images\/stories\/politica_publicacoes\/c_normal_pq.png\" alt=\"Active Image\" width=\"15\" height=\"15\" \/>&nbsp;publica&ccedil;&atilde;o autorizada.<\/p>\n","protected":false},"excerpt":{"rendered":"<p>Apesar de aprovado pela Comiss\u00e3o de Infra-Estrutura e pelo plen\u00e1rio do Senado Federal, o embaixador Ronaldo Sardenberg pode n\u00e3o assumir o cargo de conselheiro no Conselho Diretor da Anatel. Fontes apostam que o embaixador buscaria uma posi\u00e7\u00e3o como ministro de Estado.<\/p>\n","protected":false},"author":1,"featured_media":0,"comment_status":"open","ping_status":"open","sticky":false,"template":"","format":"standard","meta":{"footnotes":""},"categories":[40],"tags":[152],"_links":{"self":[{"href":"https:\/\/obscom.intervozes.org.br\/index.php?rest_route=\/wp\/v2\/posts\/18262"}],"collection":[{"href":"https:\/\/obscom.intervozes.org.br\/index.php?rest_route=\/wp\/v2\/posts"}],"about":[{"href":"https:\/\/obscom.intervozes.org.br\/index.php?rest_route=\/wp\/v2\/types\/post"}],"author":[{"embeddable":true,"href":"https:\/\/obscom.intervozes.org.br\/index.php?rest_route=\/wp\/v2\/users\/1"}],"replies":[{"embeddable":true,"href":"https:\/\/obscom.intervozes.org.br\/index.php?rest_route=%2Fwp%2Fv2%2Fcomments&post=18262"}],"version-history":[{"count":0,"href":"https:\/\/obscom.intervozes.org.br\/index.php?rest_route=\/wp\/v2\/posts\/18262\/revisions"}],"wp:attachment":[{"href":"https:\/\/obscom.intervozes.org.br\/index.php?rest_route=%2Fwp%2Fv2%2Fmedia&parent=18262"}],"wp:term":[{"taxonomy":"category","embeddable":true,"href":"https:\/\/obscom.intervozes.org.br\/index.php?rest_route=%2Fwp%2Fv2%2Fcategories&post=18262"},{"taxonomy":"post_tag","embeddable":true,"href":"https:\/\/obscom.intervozes.org.br\/index.php?rest_route=%2Fwp%2Fv2%2Ftags&post=18262"}],"curies":[{"name":"wp","href":"https:\/\/api.w.org\/{rel}","templated":true}]}}