{"id":18261,"date":"2007-04-26T10:55:32","date_gmt":"2007-04-26T10:55:32","guid":{"rendered":"https:\/\/obscom.intervozes.org.br\/wordpress\/?p=18261"},"modified":"2007-04-26T10:55:32","modified_gmt":"2007-04-26T10:55:32","slug":"tv-cultura-lanca-nucleo-de-producao-infantil","status":"publish","type":"post","link":"https:\/\/obscom.intervozes.org.br\/?p=18261","title":{"rendered":"TV Cultura lan\u00e7a n\u00facleo de produ\u00e7\u00e3o infantil"},"content":{"rendered":"<p><span>A TV Cultura inaugurou nesta quarta, 25, o N&uacute;cleo de Produ&ccedil;&atilde;o Infantil Tatiana Belinky, nomeado em homenagem &agrave; escritora de livros infantis e pioneira dos programas para crian&ccedil;as na TV. O n&uacute;cleo funciona dentro da sede da emissora, em S&atilde;o Paulo.<br \/><\/span><span><br \/>O n&uacute;cleo ter&aacute; cerca de cem funcion&aacute;ios dedicados a abastecer permanentemente a programa&ccedil;&atilde;o infantil da Cultura e de seu canal por assinatura TV R&aacute;-Tim-Bum. Os programas produzidos tamb&eacute;m visar&atilde;o o mercado internacional, explica o diretor de programa&ccedil;&atilde;o, Mauro Garcia. <br \/><\/span><span><br \/>O or&ccedil;amento previsto &eacute; de R$ 10 milh&otilde;es, para produzir 400 horas de programa&ccedil;&atilde;o ainda este ano.<\/span><span><strong>&nbsp;<\/p>\n<p><\/strong><\/span><span><strong>Novidades<\/strong><\/span><span>&nbsp;<\/p>\n<p><\/span><span>Entre as atra&ccedil;&otilde;es para este ano est&atilde;o programas em produ&ccedil;&atilde;o como o &quot;Cocoric&oacute;&quot; e tamb&eacute;m novidades, como a volta do desenhista Daniel Azulay, um programa de anima&ccedil;&atilde;o feita em cima de livros infantis consagrados, a vers&atilde;o em anima&ccedil;&atilde;o do castelo R&aacute;-Tim-Bum e, principalmente, a volta da s&eacute;rie &quot;Vila S&eacute;samo&quot;, grande sucesso na d&eacute;cada de 70 da pr&oacute;pria Cultura, exibido posteriormente na Globo.<\/span><span>A nova vers&atilde;o ganha um personagem desenvolvido s&oacute; para o Brasil, a garota Bebel. Os bonecos ser&atilde;o confeccionados pela Sesame Workshop em Nova York, detentora da franquia.<\/span><\/p>\n<p style=\"margin: 0cm 0cm 0pt\" class=\"MsoNormal\"><span>Ao todo ser&atilde;o 17 produ&ccedil;&otilde;es novas, de g&ecirc;neros variados (anima&ccedil;&atilde;o, dramaturgia, bonecos etc).<\/p>\n<p><\/span><span>As atra&ccedil;&otilde;es come&ccedil;am a estrear a partir das f&eacute;rias de meio de ano no Brasil (julho). &quot;Vila S&eacute;samo&quot; deve estrear em outubro. Produ&ccedil;&otilde;es mais complexas, como o &quot;Castelo&quot; em anima&ccedil;&atilde;o, devem ficar prontas apenas no pr&oacute;ximo ano.<br \/><\/span><\/p>\n<p style=\"margin: 0cm 0cm 0pt\" class=\"MsoNormal\">&nbsp;<\/p>\n<p style=\"margin: 0cm 0cm 0pt\" class=\"MsoNormal\"><span><img loading=\"lazy\" decoding=\"async\" src=\"images\/stories\/politica_publicacoes\/c_normal_pq.png\" alt=\"Active Image\" width=\"15\" height=\"15\" \/>&nbsp;publica&ccedil;&atilde;o autorizada.<\/span><\/p>\n","protected":false},"excerpt":{"rendered":"<p>A TV Cultura inaugurou nesta quarta, 25, o N&uacute;cleo de Produ&ccedil;&atilde;o Infantil Tatiana Belinky, nomeado em homenagem &agrave; escritora de livros infantis e pioneira dos programas para crian&ccedil;as na TV. O n&uacute;cleo funciona dentro da sede da emissora, em S&atilde;o Paulo.O n&uacute;cleo ter&aacute; cerca de cem funcion&aacute;ios dedicados a abastecer permanentemente a programa&ccedil;&atilde;o infantil da &hellip; <a href=\"https:\/\/obscom.intervozes.org.br\/?p=18261\" class=\"more-link\">Continue lendo <span class=\"screen-reader-text\">TV Cultura lan\u00e7a n\u00facleo de produ\u00e7\u00e3o infantil<\/span> <span class=\"meta-nav\">&rarr;<\/span><\/a><\/p>\n","protected":false},"author":1,"featured_media":0,"comment_status":"open","ping_status":"open","sticky":false,"template":"","format":"standard","meta":{"footnotes":""},"categories":[40],"tags":[165],"_links":{"self":[{"href":"https:\/\/obscom.intervozes.org.br\/index.php?rest_route=\/wp\/v2\/posts\/18261"}],"collection":[{"href":"https:\/\/obscom.intervozes.org.br\/index.php?rest_route=\/wp\/v2\/posts"}],"about":[{"href":"https:\/\/obscom.intervozes.org.br\/index.php?rest_route=\/wp\/v2\/types\/post"}],"author":[{"embeddable":true,"href":"https:\/\/obscom.intervozes.org.br\/index.php?rest_route=\/wp\/v2\/users\/1"}],"replies":[{"embeddable":true,"href":"https:\/\/obscom.intervozes.org.br\/index.php?rest_route=%2Fwp%2Fv2%2Fcomments&post=18261"}],"version-history":[{"count":0,"href":"https:\/\/obscom.intervozes.org.br\/index.php?rest_route=\/wp\/v2\/posts\/18261\/revisions"}],"wp:attachment":[{"href":"https:\/\/obscom.intervozes.org.br\/index.php?rest_route=%2Fwp%2Fv2%2Fmedia&parent=18261"}],"wp:term":[{"taxonomy":"category","embeddable":true,"href":"https:\/\/obscom.intervozes.org.br\/index.php?rest_route=%2Fwp%2Fv2%2Fcategories&post=18261"},{"taxonomy":"post_tag","embeddable":true,"href":"https:\/\/obscom.intervozes.org.br\/index.php?rest_route=%2Fwp%2Fv2%2Ftags&post=18261"}],"curies":[{"name":"wp","href":"https:\/\/api.w.org\/{rel}","templated":true}]}}