{"id":18260,"date":"2007-04-26T09:47:30","date_gmt":"2007-04-26T09:47:30","guid":{"rendered":"https:\/\/obscom.intervozes.org.br\/wordpress\/?p=18260"},"modified":"2007-04-26T09:47:30","modified_gmt":"2007-04-26T09:47:30","slug":"organizacoes-protestam-contra-decisao-do-stj","status":"publish","type":"post","link":"https:\/\/obscom.intervozes.org.br\/?p=18260","title":{"rendered":"Organiza\u00e7\u00f5es protestam contra decis\u00e3o do STJ"},"content":{"rendered":"<p style=\"margin: 0cm 0cm 0pt\" class=\"MsoNormal\"><span>Em tom de protesto e indigna&ccedil;&atilde;o, organiza&ccedil;&otilde;es de direitos humanos e defensores dos direitos da crian&ccedil;a e do adolescente responderam, hoje, &agrave; suspens&atilde;o da validade da portaria 264\/07, do Minist&eacute;rio da Justi&ccedil;a, que estabelece a nova Classifica&ccedil;&atilde;o Indicativa para programas de TV. A decis&atilde;o do Superior Tribunal de Justi&ccedil;a (STJ) em favor da a&ccedil;&atilde;o movida pela Associa&ccedil;&atilde;o Brasileira de Emissoras de R&aacute;dio e Televis&atilde;o (Abert) foi qualificada como equivocada e decepcionante.<\/p>\n<p><\/span><\/p>\n<p><span>O despacho do ministro Jo&atilde;o Ot&aacute;vio de Noronha, concedendo a suspens&atilde;o do efeito da portaria em car&aacute;ter liminar, reconhece como v&aacute;lido o argumento da Abert de que a classifica&ccedil;&atilde;o&nbsp;seria restritiva e n&atilde;o indicativa. Segundo a associa&ccedil;&atilde;o, artigos da legisla&ccedil;&atilde;o vigente vinculam o hor&aacute;rio de exibi&ccedil;&atilde;o de um programa &agrave; idade recomendada, o que equivaleria a uma proibi&ccedil;&atilde;o de exibi&ccedil;&atilde;o. O argumento aceito pelo ministro &eacute; de que isso caracterizaria uma intromiss&atilde;o do Estado na liberdade das emissoras de definir sua programa&ccedil;&atilde;o.<\/span><span><\/p>\n<p>A Comiss&atilde;o de Direitos Humanos e Minorias da C&acirc;mara dos Deputados, em nota oficial, afirma que a decis&atilde;o &ldquo;d&aacute; &agrave;s empresas do setor, ainda que provisoriamente, o privil&eacute;gio de estar acima das normas e princ&iacute;pios constitucionais que garantem a prote&ccedil;&atilde;o da crian&ccedil;a e do adolescente&rdquo;. <\/span><\/p>\n<p style=\"margin: 0cm 0cm 0pt\" class=\"MsoNormal\"><span><br \/>Na mesma linha, a Campanha &ldquo;Quem financia a baixaria &eacute; contra a cidadania&rdquo;, tamb&eacute;m em nota p&uacute;blica, afirma que a decis&atilde;o d&aacute; &ldquo;carta branca&rdquo; para o &ldquo;vale tudo&rdquo; na televis&atilde;o brasileira. <\/span><\/p>\n<p style=\"margin: 0cm 0cm 0pt\" class=\"MsoNormal\"><span><br \/>Para Ariel de Castro Alves, membro do Conselho Nacional da Crian&ccedil;a e do Adolescente (Conanda) e coordenador do Movimento Nacional de Direitos Humanos, a liminar representa um retrocesso para todo o processo de discuss&atilde;o sobre a classifica&ccedil;&atilde;o e, especialmente, na prote&ccedil;&atilde;o dos direitos da crian&ccedil;a e do adolescente.<\/span><\/p>\n<p><span><br \/><\/span><\/p>\n<p style=\"margin: 0cm 0cm 0pt\" class=\"MsoNormal\"><span><strong>Prote&ccedil;&atilde;o, n&atilde;o censura<\/strong><\/span><\/p>\n<p style=\"margin: 0cm 0cm 0pt\" class=\"MsoNormal\"><span><br \/>Em todas as manifesta&ccedil;&otilde;es, organiza&ccedil;&otilde;es e ativistas ressaltam que a classifica&ccedil;&atilde;o, em hip&oacute;tese alguma, pode ser confundida com censura, como aponta implicitamente o argumento da Abert aceito pelo STJ. A Comiss&atilde;o da C&acirc;mara lembra que a portaria 264 &ldquo;foi um processo que incluiu ampla consulta &agrave; sociedade civil e &oacute;rg&atilde;os do poder p&uacute;blico, estudos comparativos com outras legisla&ccedil;&otilde;es e aplica&ccedil;&atilde;o de conhecimento cient&iacute;fico multidisciplinar&rdquo;.<\/span><\/p>\n<p style=\"margin: 0cm 0cm 0pt\" class=\"MsoNormal\"><span><br \/>Para o coordenador do MNDH, &eacute; importante ainda ressaltar que a regulamenta&ccedil;&atilde;o responde ao princ&iacute;pio constitucional da prote&ccedil;&atilde;o integral aos direitos da crian&ccedil;a e do adolescente. &ldquo;O que significa proteg&ecirc;-los de conte&uacute;dos com viol&ecirc;ncia, pornografia e outros&nbsp;temas&nbsp;inadequados&nbsp;para pessoas&nbsp;em condi&ccedil;&otilde;es&nbsp;espec&iacute;ficas de desenvolvimento&rdquo;, ressalta.<\/span><\/p>\n<p style=\"margin: 0cm 0cm 0pt\" class=\"MsoNormal\"><span><br \/><strong>Quest&otilde;es judiciais<br \/><\/strong><\/span><span><br \/>A liminar do STJ surge poucos dias antes da Portaria 264 entrar <\/span><span>em vigor. Publicada<\/span><span> em fevereiro, a nova regulamenta&ccedil;&atilde;o previa o prazo de 90 dias para que as emissoras ajustassem sua programa&ccedil;&atilde;o &agrave;s novas normas.<\/span><\/p>\n<p><span><br \/>Por&eacute;m,&nbsp;ainda antes de recorrer ao STJ, a Abert j&aacute; movia uma a&ccedil;&atilde;o de inconstitucionalidade no Supremo Tribunal Federal (STF) contra a portaria que antecedia a 264. Durante as negocia&ccedil;&otilde;es para a nova regulamenta&ccedil;&atilde;o, o grupo de trabalho do Minist&eacute;rio da Justi&ccedil;a decidiu manter o princ&iacute;pio da restri&ccedil;&atilde;o de hor&aacute;rio como na legisla&ccedil;&atilde;o anterior, negociando com a Abert que a constitucionalidade da quest&atilde;o fosse decidida no processo do STF.<\/span><span><\/p>\n<p>Por esta raz&atilde;o, tanto a comiss&atilde;o da C&acirc;mara como as organiza&ccedil;&otilde;es ligadas &agrave; campanha condenaram a manobra da Abert de entrar com&nbsp;um novo processo no STJ na espectativa de que&nbsp;este se manifestasse antes da entrada em vigor da nova portaria. O&nbsp;que,&nbsp;de fato, ocorreu.<\/span> <\/p>\n<p style=\"margin: 0cm 0cm 0pt\" class=\"MsoNormal\"><span><br \/>O diretor do Departamento de Justi&ccedil;a, Classifica&ccedil;&atilde;o, T&iacute;tulos e Qualifica&ccedil;&atilde;o do MJ, Jos&eacute; Eduardo Rom&atilde;o, tamb&eacute;m repudiou a manobra. &ldquo;Estamos estudando qual a melhor forma de recorrer da decis&atilde;o, se no STJ ou no STF, o que faremos nos pr&oacute;ximos dias. Mas &eacute; certo que vamos vencer essa disputa na Justi&ccedil;a, porque o debate p&uacute;blico provou que a sociedade &eacute; favor&aacute;vel &agrave; Classifica&ccedil;&atilde;o Indicativa. O debate no STF &eacute;&nbsp;aquele que consideramos central, pois d&aacute; a relev&acirc;ncia necess&aacute;ria &agrave; quest&atilde;o.&rdquo;<br \/><\/span><\/p>\n<p style=\"margin: 0cm 0cm 0pt\" class=\"MsoNormal\">&nbsp;<\/p>\n<p><span>&nbsp;<img loading=\"lazy\" decoding=\"async\" src=\"images\/stories\/politica_publicacoes\/c_invertido_pq.png\" alt=\"Active Image\" width=\"15\" height=\"15\" \/><\/span><span>&nbsp;<\/span> <\/p>\n<p>&nbsp;<\/p>\n","protected":false},"excerpt":{"rendered":"<p>Em tom de indigna\u00e7\u00e3o, organiza\u00e7\u00f5es de direitos humanos e defensores dos direitos da crian\u00e7a e do adolescente questionam a suspens\u00e3o pelo STJ da validade da portaria 264\/07, do Minist\u00e9rio da Justi\u00e7a, que estabelece a nova Classifica\u00e7\u00e3o Indicativa para programas de TV.<\/p>\n","protected":false},"author":1,"featured_media":0,"comment_status":"open","ping_status":"open","sticky":false,"template":"","format":"standard","meta":{"footnotes":""},"categories":[40],"tags":[111],"_links":{"self":[{"href":"https:\/\/obscom.intervozes.org.br\/index.php?rest_route=\/wp\/v2\/posts\/18260"}],"collection":[{"href":"https:\/\/obscom.intervozes.org.br\/index.php?rest_route=\/wp\/v2\/posts"}],"about":[{"href":"https:\/\/obscom.intervozes.org.br\/index.php?rest_route=\/wp\/v2\/types\/post"}],"author":[{"embeddable":true,"href":"https:\/\/obscom.intervozes.org.br\/index.php?rest_route=\/wp\/v2\/users\/1"}],"replies":[{"embeddable":true,"href":"https:\/\/obscom.intervozes.org.br\/index.php?rest_route=%2Fwp%2Fv2%2Fcomments&post=18260"}],"version-history":[{"count":0,"href":"https:\/\/obscom.intervozes.org.br\/index.php?rest_route=\/wp\/v2\/posts\/18260\/revisions"}],"wp:attachment":[{"href":"https:\/\/obscom.intervozes.org.br\/index.php?rest_route=%2Fwp%2Fv2%2Fmedia&parent=18260"}],"wp:term":[{"taxonomy":"category","embeddable":true,"href":"https:\/\/obscom.intervozes.org.br\/index.php?rest_route=%2Fwp%2Fv2%2Fcategories&post=18260"},{"taxonomy":"post_tag","embeddable":true,"href":"https:\/\/obscom.intervozes.org.br\/index.php?rest_route=%2Fwp%2Fv2%2Ftags&post=18260"}],"curies":[{"name":"wp","href":"https:\/\/api.w.org\/{rel}","templated":true}]}}