{"id":18255,"date":"2007-04-25T10:42:31","date_gmt":"2007-04-25T10:42:31","guid":{"rendered":"https:\/\/obscom.intervozes.org.br\/wordpress\/?p=18255"},"modified":"2007-04-25T10:42:31","modified_gmt":"2007-04-25T10:42:31","slug":"inscricoes-para-o-i-forum-de-tvs-publicas-abertas-ate-o-dia-2-de-maio","status":"publish","type":"post","link":"https:\/\/obscom.intervozes.org.br\/?p=18255","title":{"rendered":"Inscri\u00e7\u00f5es para o I F\u00f3rum de TVs P\u00fablicas abertas at\u00e9 o dia 2 de maio"},"content":{"rendered":"<p><span>Est&atilde;o abertas as inscri&ccedil;&otilde;es para o I F&oacute;rum Nacional de TVs P&uacute;blicas, que acontecer&aacute; de 8 a 11 de maio, em Bras&iacute;lia. Ser&atilde;o tr&ecirc;s modalidades de participa&ccedil;&atilde;o: convidados, participantes inscritos e participantes remotos.<\/span><span> As inscri&ccedil;&otilde;es v&atilde;o at&eacute; o dia 2 de maio. <\/p>\n<p><\/span><span>Ao todo, <\/span><span>250 pessoas foram convidadas pela organiza&ccedil;&atilde;o do evento. Nesse grupo est&atilde;o as pessoas e organiza&ccedil;&otilde;es que participaram das etapas anteriores do f&oacute;rum (diagn&oacute;stico e grupo de trabalho), representantes das entidades do campo p&uacute;blico de televis&atilde;o, autoridades dos tr&ecirc;s poderes da Rep&uacute;blica e organiza&ccedil;&otilde;es da sociedade civil cuja contribui&ccedil;&atilde;o para a comunica&ccedil;&atilde;o e cultura &eacute; not&oacute;ria. <\/p>\n<p><\/span><span>Os participantes inscritos<\/span><span> tamb&eacute;m somar&atilde;o 250 pessoas. Estes ter&atilde;o acesso ao segundo sal&atilde;o do f&oacute;rum, em Bras&iacute;lia, e estar&atilde;o conectadas &agrave; plen&aacute;ria principal por meio de v&iacute;deo confer&ecirc;ncia. <\/span><span>As vagas ser&atilde;o preenchidas at&eacute; o dia 2\/5 por meio de inscri&ccedil;&atilde;o direta pela internet [<a href=\"http:\/\/xemele.cultura.gov.br\/projetos\/forumnacional\/?q=user\/register\" title=\"clique aqui para se inscrever\"><strong>clique aqui para se inscrever<\/strong><\/a>]. As vagas s&atilde;o limitadas e crit&eacute;rios de sele&ccedil;&atilde;o ser&atilde;o utilizados em caso de necessidade. <\/span><span>As associa&ccedil;&otilde;es das TVs do Campo P&uacute;blico (Abepec, Astral, Abtu e AbcCom) est&atilde;o fazendo o pr&eacute;-cadastro de 20 participantes por entidade. <\/p>\n<p><\/span><span>A &ldquo;participa&ccedil;&atilde;o remota&rdquo; tamb&eacute;m est&aacute; prevista e vai possibilitar aos que n&atilde;o <\/span><span>estiverem em Bras&iacute;lia no per&iacute;odo tamb&eacute;m possam acompanhar o f&oacute;rum. <\/span><span>Quem tiver interesse em montar um grupo de acompanhamento remoto em sua institui&ccedil;&atilde;o ou participar de um em sua cidade deve conseguir um televisor, uma parab&oacute;lica e um computador: a parab&oacute;lica, para receber o sinal gratuito de sat&eacute;lite, que ser&aacute; operado pela Radiobr&aacute;s [<a href=\"http:\/\/xemele.cultura.gov.br\/projetos\/forumnacional\/?q=node\/8\" title=\"Como sintonizar o sinal do f&oacute;rum\"><strong>clique aqui para ver as especifica&ccedil;&otilde;es t&eacute;cnicas para sintonizar o sinal<\/strong><\/a><strong>],<\/strong> a televis&atilde;o para transmitir os debates e o computador para que voc&ecirc; possa se manifestar no ambiente interativo que&nbsp;o F&oacute;rum est&aacute;&nbsp;criando. <\/p>\n<p>O&nbsp;evento tamb&eacute;m ter&aacute; um ambiente interativo na internet, com transmiss&atilde;o ao vivo dos debates e mecanismos para que o cidad&atilde;o possa se integrar &agrave;s discuss&otilde;es. <\/p>\n<p>Maiores informa&ccedil;&otilde;es no endere&ccedil;o <a href=\"http:\/\/www.cultura.gov.br\/forumtvspublicas\/\" target=\"_blank\">http:\/\/www.cultura.gov.br\/forumtvspublicas\/<\/a> .<\/span><\/p>\n<p>&nbsp;<\/p>\n<p><img loading=\"lazy\" decoding=\"async\" src=\"images\/stories\/politica_publicacoes\/c_invertido_pq.png\" alt=\"Active Image\" width=\"15\" height=\"15\" \/><\/p>\n<p>&nbsp;<\/p>\n","protected":false},"excerpt":{"rendered":"<p>Est\u00e3o abertas as inscri\u00e7\u00f5es para o I F\u00f3rum Nacional de TVs P\u00fablicas, que acontecer\u00e1 de 8 a 11 de maio, em Bras\u00edlia. Ser\u00e3o tr\u00eas modalidades de participa\u00e7\u00e3o: convidados, participantes inscritos e participantes remotos.<\/p>\n","protected":false},"author":1,"featured_media":0,"comment_status":"open","ping_status":"open","sticky":false,"template":"","format":"standard","meta":{"footnotes":""},"categories":[40],"tags":[194],"_links":{"self":[{"href":"https:\/\/obscom.intervozes.org.br\/index.php?rest_route=\/wp\/v2\/posts\/18255"}],"collection":[{"href":"https:\/\/obscom.intervozes.org.br\/index.php?rest_route=\/wp\/v2\/posts"}],"about":[{"href":"https:\/\/obscom.intervozes.org.br\/index.php?rest_route=\/wp\/v2\/types\/post"}],"author":[{"embeddable":true,"href":"https:\/\/obscom.intervozes.org.br\/index.php?rest_route=\/wp\/v2\/users\/1"}],"replies":[{"embeddable":true,"href":"https:\/\/obscom.intervozes.org.br\/index.php?rest_route=%2Fwp%2Fv2%2Fcomments&post=18255"}],"version-history":[{"count":0,"href":"https:\/\/obscom.intervozes.org.br\/index.php?rest_route=\/wp\/v2\/posts\/18255\/revisions"}],"wp:attachment":[{"href":"https:\/\/obscom.intervozes.org.br\/index.php?rest_route=%2Fwp%2Fv2%2Fmedia&parent=18255"}],"wp:term":[{"taxonomy":"category","embeddable":true,"href":"https:\/\/obscom.intervozes.org.br\/index.php?rest_route=%2Fwp%2Fv2%2Fcategories&post=18255"},{"taxonomy":"post_tag","embeddable":true,"href":"https:\/\/obscom.intervozes.org.br\/index.php?rest_route=%2Fwp%2Fv2%2Ftags&post=18255"}],"curies":[{"name":"wp","href":"https:\/\/api.w.org\/{rel}","templated":true}]}}