{"id":18254,"date":"2007-04-25T10:13:37","date_gmt":"2007-04-25T10:13:37","guid":{"rendered":"https:\/\/obscom.intervozes.org.br\/wordpress\/?p=18254"},"modified":"2007-04-25T10:13:37","modified_gmt":"2007-04-25T10:13:37","slug":"bndes-assina-primeiro-financiamento-do-programa-de-apoio-a-cadeia-audiovisual","status":"publish","type":"post","link":"https:\/\/obscom.intervozes.org.br\/?p=18254","title":{"rendered":"BNDES assina primeiro financiamento do Programa de Apoio \u00e0 Cadeia Audiovisual"},"content":{"rendered":"<p><span>O BNDES e a Quanta assinaram nesta ter&ccedil;a, 24, contrato de financiamento no valor de R$ 7 milh&otilde;es. O valor ser&aacute; usado para que a empresa termine a constru&ccedil;&atilde;o de um complexo cinematogr&aacute;fico na Vila Leopoldina, em S&atilde;o Paulo. Trata-se do primeiro projeto de investimento do Programa de Apoio &agrave; Cadeia Audiovisual &#8211; Procult, que conta com or&ccedil;amento de R$ 175 milh&otilde;es para investimento em produ&ccedil;&atilde;o, distribui&ccedil;&atilde;o e comercializa&ccedil;&atilde;o, exibi&ccedil;&atilde;o e servi&ccedil;os de infra-estrutura, at&eacute; o final de 2008.<\/p>\n<p><\/span><span>Os recursos investidos pelo banco no projeto equivalem a 43% do valor total do projeto, que est&aacute; sendo constru&iacute;do em uma &aacute;rea de 13 mil metros quadrados e ter&aacute; 9 mil metros quadrados de &aacute;rea constru&iacute;da, quando acabado.<\/span><span>&nbsp;<\/p>\n<p><\/span><span><strong>Procult<\/strong><\/span><span>&nbsp;<\/p>\n<p><\/span><span>No evento da Quanta, o BNDES fez ainda v&aacute;rias explana&ccedil;&otilde;es sobre a linha voltada ao audiovisual. O evento contou com a presen&ccedil;a do assessor da presid&ecirc;ncia do banco para assuntos de cultura, S&eacute;rgio S&aacute; Leit&atilde;o; a chefe do departamento de economia da cultura, Luciane Gorgulho; e o gerente para investimentos no setor cultural, Luis Andr&eacute; As D&#39;Oliveira. Participaram ainda o secret&aacute;rio do audiovisual do Minist&eacute;rio da Cultura, Orlando Senna, al&eacute;m de Manoel Rangel e Leopoldo Nunes, presidente e diretor da Ancine, respectivamente.<br \/><\/span><\/p>\n<p style=\"margin: 0cm 0cm 0pt\" class=\"MsoNormal\"><span><br \/>Uma nova apresenta&ccedil;&atilde;o da linha cr&eacute;dito ao audiovisual ser&aacute; feita pela equipe do BNDES no 8&ordm; Forum Brasil &#8211; Mercado Internacional de Televis&atilde;o, que acontece nos dias 30 e 31 de maio, em S&atilde;o Paulo. Al&eacute;m desta linha, o BNDES apresentar&aacute; ainda o ProTVD, voltado ao financiamento para a digitaliza&ccedil;&atilde;o da televis&atilde;o, contando com linhas voltadas para a infra-estrutura e para o conte&uacute;do. <\/span><\/p>\n<p style=\"margin: 0cm 0cm 0pt\" class=\"MsoNormal\">&nbsp;<\/p>\n<p style=\"margin: 0cm 0cm 0pt\" class=\"MsoNormal\"><span><strong>Academia de Filmes<\/strong><\/span><\/p>\n<p style=\"margin: 0cm 0cm 0pt\" class=\"MsoNormal\"><span><br \/>No evento, produzido em um dos est&uacute;dios do complexo em constru&ccedil;&atilde;o, Paulo Schmidt, da Academia de Filmes, aproveitou para formalizar o pedido de um financiamento semelhante, e entregar a documenta&ccedil;&atilde;o pedida pelo BNDES para an&aacute;lise da proposta. A Academia de Filmes comprou um terreno de 12 mil metros quadrados, tamb&eacute;m na Vila Leopoldina, com uma antiga f&aacute;brica. A pr&oacute;xima etapa &eacute; a adequa&ccedil;&atilde;o das constru&ccedil;&otilde;es para que possam receber a sede da produtora e os est&uacute;dios.<\/span><span><\/p>\n<p>Trata-se de um projeto de R$ 30 milh&otilde;es, contou Paulo Schmidt a este notici&aacute;rio, e que deve levar cinco anos para estar concretizado. &quot;Em seis meses, queremos concentrar as opera&ccedil;&otilde;es de todas as empresas do Grupo Academia na nova sede, com os escrit&oacute;rios e a infra-estrutura de p&oacute;s-produ&ccedil;&atilde;o. Os est&uacute;dios devem come&ccedil;ar a funcionar em um ano&quot;, explica. O projeto engloba ainda os equipamentos de produ&ccedil;&atilde;o e p&oacute;s-produ&ccedil;&atilde;o, que ser&aacute; todas em alta-defini&ccedil;&atilde;o. Segundo Schmidt, a Academia est&aacute; pedindo ao BNDES financiamento de &quot;pelo menos R$ 15 milh&otilde;es&quot;.<\/span><span>&nbsp;<\/span><\/p>\n<p><span><strong>Nova empresa<\/strong><\/span><span>&nbsp;<\/span> <\/p>\n<p style=\"margin: 0cm 0cm 0pt\" class=\"MsoNormal\"><span>Outra novidade do grupo &eacute; que este deve anunciar, nos pr&oacute;ximos 30 dias, uma nova empresa, voltada &agrave; produ&ccedil;&atilde;o para novas m&iacute;dias. A Academia de Filmes j&aacute; tem, h&aacute; um ano e meio, uma unidade voltada para esta &aacute;rea, que deve ser transformada em empresa. <br \/><\/span><\/p>\n<p style=\"margin: 0cm 0cm 0pt\" class=\"MsoNormal\">&nbsp;<\/p>\n<p style=\"margin: 0cm 0cm 0pt\" class=\"MsoNormal\"><span><img loading=\"lazy\" decoding=\"async\" src=\"images\/stories\/politica_publicacoes\/c_normal_pq.png\" alt=\"Active Image\" width=\"15\" height=\"15\" \/><\/span><\/p>\n","protected":false},"excerpt":{"rendered":"<p>O BNDES e a Quanta assinaram nesta ter\u00e7a, 24, contrato de financiamento no valor de R$ 7 milh\u00f5es. Trata-se do primeiro projeto de investimento do Programa de Apoio \u00e0 Cadeia Audiovisual &#8211; Procult, que conta com or\u00e7amento de R$ 175 milh\u00f5es para investimentos.<\/p>\n","protected":false},"author":1,"featured_media":0,"comment_status":"open","ping_status":"open","sticky":false,"template":"","format":"standard","meta":{"footnotes":""},"categories":[40],"tags":[190],"_links":{"self":[{"href":"https:\/\/obscom.intervozes.org.br\/index.php?rest_route=\/wp\/v2\/posts\/18254"}],"collection":[{"href":"https:\/\/obscom.intervozes.org.br\/index.php?rest_route=\/wp\/v2\/posts"}],"about":[{"href":"https:\/\/obscom.intervozes.org.br\/index.php?rest_route=\/wp\/v2\/types\/post"}],"author":[{"embeddable":true,"href":"https:\/\/obscom.intervozes.org.br\/index.php?rest_route=\/wp\/v2\/users\/1"}],"replies":[{"embeddable":true,"href":"https:\/\/obscom.intervozes.org.br\/index.php?rest_route=%2Fwp%2Fv2%2Fcomments&post=18254"}],"version-history":[{"count":0,"href":"https:\/\/obscom.intervozes.org.br\/index.php?rest_route=\/wp\/v2\/posts\/18254\/revisions"}],"wp:attachment":[{"href":"https:\/\/obscom.intervozes.org.br\/index.php?rest_route=%2Fwp%2Fv2%2Fmedia&parent=18254"}],"wp:term":[{"taxonomy":"category","embeddable":true,"href":"https:\/\/obscom.intervozes.org.br\/index.php?rest_route=%2Fwp%2Fv2%2Fcategories&post=18254"},{"taxonomy":"post_tag","embeddable":true,"href":"https:\/\/obscom.intervozes.org.br\/index.php?rest_route=%2Fwp%2Fv2%2Ftags&post=18254"}],"curies":[{"name":"wp","href":"https:\/\/api.w.org\/{rel}","templated":true}]}}