{"id":18247,"date":"2007-04-24T15:09:41","date_gmt":"2007-04-24T15:09:41","guid":{"rendered":"https:\/\/obscom.intervozes.org.br\/wordpress\/?p=18247"},"modified":"2007-04-24T15:09:41","modified_gmt":"2007-04-24T15:09:41","slug":"fortaleza-abre-edital-para-rede-de-banda-larga-sem-fio","status":"publish","type":"post","link":"https:\/\/obscom.intervozes.org.br\/?p=18247","title":{"rendered":"Fortaleza abre edital para rede de banda larga sem fio"},"content":{"rendered":"<p>A prefeitura de Fortaleza deve lan&ccedil;ar esta semana edital, or&ccedil;ado em R$ 8 milh&otilde;es, a serem gastos em tr&ecirc;s anos, para a aquisi&ccedil;&atilde;o de uma rede banda larga sem-fio que ir&aacute; cobrir todo o munic&iacute;pio. <\/p>\n<p>O projeto prev&ecirc; rede de acesso composta por r&aacute;dio-bases e CPE&#39;s de r&aacute;dios ponto e multiponto; uma rede backbone composta de r&aacute;dios ponto-a-ponto, em freq&uuml;&ecirc;ncia de 5.725 a 5.850 MHz utilizada para comunica&ccedil;&atilde;o entre as r&aacute;dio-bases; um console de ger&ecirc;ncia, composto de software para gerenciamento e seguran&ccedil;a da rede e a infra-estrutura b&aacute;sica, ou seja, os insumos necess&aacute;rios para a instala&ccedil;&atilde;o dos r&aacute;dios (torres, cabos, suportes, etc). <\/p>\n<p>Segundo Ranulpho Morais, gerente da c&eacute;lula de tecnologia da informa&ccedil;&atilde;o da secretaria de administra&ccedil;&atilde;o do munic&iacute;pio, &#39;o projeto, que pretende alcan&ccedil;ar toda a &aacute;rea geogr&aacute;fica da cidade (que tem aproximadamente 432 Km&sup2;) com internet banda larga sem fio, ser&aacute; realizado em duas etapas&#39;. A etapa inicial prev&ecirc; uso para &oacute;rg&atilde;os p&uacute;blicos, interligando &agrave; rede postos de sa&uacute;de, escolas e pr&eacute;dios administrativos dos &oacute;rg&atilde;os municipais. Essa etapa tem previs&atilde;o de conclus&atilde;o em um ano, a partir de fechado o contrato. <\/p>\n<p>A segunda etapa prev&ecirc; a universaliza&ccedil;&atilde;o do acesso&agrave; internet banda larga sem fio aos 2,5 milh&otilde;es de habitantes da cidade, com conclus&atilde;o prevista para o final de 2008. &#39;A id&eacute;ia &eacute; ter pontos p&uacute;blicos de acesso, mas ainda n&atilde;o definimos como fazer isso&#39;, diz Morais. Ele afirma que existe um v&aacute;cuo normativo para oferecimento, por meio da prefeitura, de acesso &agrave; internet. &#39;Ainda &eacute; necess&aacute;rio estudar quais normas e resolu&ccedil;&otilde;es da Anatel incidem no projeto. Enquanto estivermos realizando a primeira etapa, vamos estudar a segunda&#39;, conclui. <\/p>\n<p><img loading=\"lazy\" decoding=\"async\" src=\"images\/stories\/politica_publicacoes\/c_normal_pq.png\" alt=\"Active Image\" width=\"15\" height=\"15\" \/><\/p>\n","protected":false},"excerpt":{"rendered":"<p>A prefeitura de Fortaleza deve lan\u00e7ar esta semana edital, or\u00e7ado em R$ 8 milh\u00f5es, a serem gastos em tr\u00eas anos, para a aquisi\u00e7\u00e3o de uma rede banda larga sem-fio que ir\u00e1 cobrir todo o munic\u00edpio.  <\/p>\n","protected":false},"author":1,"featured_media":0,"comment_status":"open","ping_status":"open","sticky":false,"template":"","format":"standard","meta":{"footnotes":""},"categories":[40],"tags":[61],"_links":{"self":[{"href":"https:\/\/obscom.intervozes.org.br\/index.php?rest_route=\/wp\/v2\/posts\/18247"}],"collection":[{"href":"https:\/\/obscom.intervozes.org.br\/index.php?rest_route=\/wp\/v2\/posts"}],"about":[{"href":"https:\/\/obscom.intervozes.org.br\/index.php?rest_route=\/wp\/v2\/types\/post"}],"author":[{"embeddable":true,"href":"https:\/\/obscom.intervozes.org.br\/index.php?rest_route=\/wp\/v2\/users\/1"}],"replies":[{"embeddable":true,"href":"https:\/\/obscom.intervozes.org.br\/index.php?rest_route=%2Fwp%2Fv2%2Fcomments&post=18247"}],"version-history":[{"count":0,"href":"https:\/\/obscom.intervozes.org.br\/index.php?rest_route=\/wp\/v2\/posts\/18247\/revisions"}],"wp:attachment":[{"href":"https:\/\/obscom.intervozes.org.br\/index.php?rest_route=%2Fwp%2Fv2%2Fmedia&parent=18247"}],"wp:term":[{"taxonomy":"category","embeddable":true,"href":"https:\/\/obscom.intervozes.org.br\/index.php?rest_route=%2Fwp%2Fv2%2Fcategories&post=18247"},{"taxonomy":"post_tag","embeddable":true,"href":"https:\/\/obscom.intervozes.org.br\/index.php?rest_route=%2Fwp%2Fv2%2Ftags&post=18247"}],"curies":[{"name":"wp","href":"https:\/\/api.w.org\/{rel}","templated":true}]}}