{"id":18243,"date":"2007-04-24T12:29:26","date_gmt":"2007-04-24T12:29:26","guid":{"rendered":"https:\/\/obscom.intervozes.org.br\/wordpress\/?p=18243"},"modified":"2007-04-24T12:29:26","modified_gmt":"2007-04-24T12:29:26","slug":"morales-comeca-a-estatizar-telecomunicacao-do-pais","status":"publish","type":"post","link":"https:\/\/obscom.intervozes.org.br\/?p=18243","title":{"rendered":"Morales come\u00e7a a estatizar telecomunica\u00e7\u00e3o do pa\u00eds"},"content":{"rendered":"<p>LA PAZ &#8211; O governo boliviano ordenou por decreto, ontem, atransfer&ecirc;ncia ao Estado de 47% das a&ccedil;&otilde;es da maior empresa de telecomunica&ccedil;&otilde;es do pais, a Entel, que pertenciam ao povo boliviano. O ministro da presid&ecirc;ncia, Juan Ram&oacute;n Quintana, informou que com a medida as a&ccedil;&otilde;es, que eram administradas por dois fundos de pens&atilde;o que operam no pa&iacute;s, de capitais espanh&oacute;is e su&iacute;&ccedil;os, &#39;voltam ao Estado,&#39; depois da sua privatiza&ccedil;&atilde;o parcial em 1995. <\/p>\n<p>Quintana afirmou que agora o governo planeja obter o controle da empresa, mediante negocia&ccedil;&otilde;es com a companhia Euro Telecom Italia (ETI), dona de 50% da Entel e administradora da operadora de telefonia. Os 3% restantes do capital s&atilde;o propriedade de trabalhadores e outros s&oacute;cios minorit&aacute;rios. Na mesma ocasi&atilde;o, o vice-ministro de Coordena&ccedil;&atilde;o, H&eacute;ctor Arce, anunciou que com um segundo decreto o governo anulou um decreto de uma administra&ccedil;&atilde;o anterior, que dava como certos e feitos os investimentos que a Telecom Italia comprometeu-se a fazer, em troca de 50% das a&ccedil;&otilde;es da Entel. <\/p>\n<p>Arce afirmou que o decreto revogado era ilegal, porque a faculdade de &#39;certificar ou n&atilde;o&#39; se as empresas privatizadas cumpriram com seus planos de investimentos &eacute; algo que compete &agrave;s entidades reguladoras do Estado, no caso a Superintend&ecirc;ncia de Telecomunica&ccedil;&otilde;es. <\/p>\n<p>Dessa maneira, os investimentos feitos pela Telecom Italia ficariam abaixo da avalia&ccedil;&atilde;o pelo governo atual, porque apesar das superintend&ecirc;ncias serem semi-aut&ocirc;nomas, o presidente boliviano, Evo Morales, nomeou novos respons&aacute;veis interinos em quase todos os organismos, inclu&iacute;da a Superintend&ecirc;ncia de Telecomunica&ccedil;&otilde;es. <\/p>\n<p>Telecom It&aacute;lia investe mais de US$ 608 milh&otilde;es A Telecom It&aacute;lia insiste que investiu os mais de US$ 608 milh&otilde;es que se comprometeu a aplicar na Bol&iacute;via desde 1995,no contrato de &#39;capitaliza&ccedil;&atilde;o&#39; da empresa. No entanto, o ministro boliviano de Obras e servi&ccedil;os P&uacute;blicos, Jerges Mercado, denunciou que os investimentos n&atilde;o superaram a US$ 466 milh&otilde;es. Mercado tamb&eacute;m denunciou que a Entel sonegou impostos no valor de US$ 25 milh&otilde;es, embora n&atilde;o tenha apresentado nenhuma prova das acusa&ccedil;&otilde;es. <\/p>\n<p>O governo j&aacute; havia autorizado, em outro decreto, a transfer&ecirc;ncia das a&ccedil;&otilde;es da popula&ccedil;&atilde;o ao Estado. As administradoras de fundos de pens&atilde;o ent&atilde;o afetadas, a Previsi&oacute;n, do cons&oacute;rcio espanhol Banco Bilbao Viscaya Argentaria (BBVA) e Futuro, dasu&iacute;&ccedil;a Z&uuml;rich, apresentaram obje&ccedil;&otilde;es. O governo boliviano afirma que poder&aacute; obrigar a Telecom Italia a lhe vender as a&ccedil;&otilde;es na Entel. <\/p>\n<p>O governo italiano respondeu que o clima da negocia&ccedil;&atilde;o &eacute; cordial e que a Telecom Italia merece receber um pre&ccedil;o justo, advertindo que a empresa italiana n&atilde;o &eacute; obrigada a vender sua participa&ccedil;&atilde;o na operadora. <\/p>\n<p>&nbsp;<\/p>\n<p>&nbsp;<\/p>\n","protected":false},"excerpt":{"rendered":"<p>LA PAZ &#8211; O governo boliviano ordenou por decreto, ontem, atransfer&ecirc;ncia ao Estado de 47% das a&ccedil;&otilde;es da maior empresa de telecomunica&ccedil;&otilde;es do pais, a Entel, que pertenciam ao povo boliviano. O ministro da presid&ecirc;ncia, Juan Ram&oacute;n Quintana, informou que com a medida as a&ccedil;&otilde;es, que eram administradas por dois fundos de pens&atilde;o que operam &hellip; <a href=\"https:\/\/obscom.intervozes.org.br\/?p=18243\" class=\"more-link\">Continue lendo <span class=\"screen-reader-text\">Morales come\u00e7a a estatizar telecomunica\u00e7\u00e3o do pa\u00eds<\/span> <span class=\"meta-nav\">&rarr;<\/span><\/a><\/p>\n","protected":false},"author":1,"featured_media":0,"comment_status":"open","ping_status":"open","sticky":false,"template":"","format":"standard","meta":{"footnotes":""},"categories":[40],"tags":[189],"_links":{"self":[{"href":"https:\/\/obscom.intervozes.org.br\/index.php?rest_route=\/wp\/v2\/posts\/18243"}],"collection":[{"href":"https:\/\/obscom.intervozes.org.br\/index.php?rest_route=\/wp\/v2\/posts"}],"about":[{"href":"https:\/\/obscom.intervozes.org.br\/index.php?rest_route=\/wp\/v2\/types\/post"}],"author":[{"embeddable":true,"href":"https:\/\/obscom.intervozes.org.br\/index.php?rest_route=\/wp\/v2\/users\/1"}],"replies":[{"embeddable":true,"href":"https:\/\/obscom.intervozes.org.br\/index.php?rest_route=%2Fwp%2Fv2%2Fcomments&post=18243"}],"version-history":[{"count":0,"href":"https:\/\/obscom.intervozes.org.br\/index.php?rest_route=\/wp\/v2\/posts\/18243\/revisions"}],"wp:attachment":[{"href":"https:\/\/obscom.intervozes.org.br\/index.php?rest_route=%2Fwp%2Fv2%2Fmedia&parent=18243"}],"wp:term":[{"taxonomy":"category","embeddable":true,"href":"https:\/\/obscom.intervozes.org.br\/index.php?rest_route=%2Fwp%2Fv2%2Fcategories&post=18243"},{"taxonomy":"post_tag","embeddable":true,"href":"https:\/\/obscom.intervozes.org.br\/index.php?rest_route=%2Fwp%2Fv2%2Ftags&post=18243"}],"curies":[{"name":"wp","href":"https:\/\/api.w.org\/{rel}","templated":true}]}}