{"id":18241,"date":"2007-04-24T12:13:41","date_gmt":"2007-04-24T12:13:41","guid":{"rendered":"https:\/\/obscom.intervozes.org.br\/wordpress\/?p=18241"},"modified":"2007-04-24T12:13:41","modified_gmt":"2007-04-24T12:13:41","slug":"tva-nao-saira-da-associacao-brasileira-de-televisao-por-assinatura","status":"publish","type":"post","link":"https:\/\/obscom.intervozes.org.br\/?p=18241","title":{"rendered":"TVA n\u00e3o sair\u00e1 da Associa\u00e7\u00e3o Brasileira de Televis\u00e3o por Assinatura"},"content":{"rendered":"<p>A TVA n&atilde;o sair&aacute; da ABTA, associa&ccedil;&atilde;o que representa as operadoras de TV por assinatura e que entrou com uma a&ccedil;&atilde;o no Conselho Administrativo de Defesa Econ&ocirc;mica (Cade) contra a opera&ccedil;&atilde;o de compra da TVA pela Telef&ocirc;nica. &#39;O que estamos tentando, desde novembro, &eacute; restabelecer a legitimidade da associa&ccedil;&atilde;o&#39;, explica a diretora superintendente da TVA, Leila Loria. <\/p>\n<p>A executiva diz que a empresa do Grupo Abril &eacute; s&oacute;cia-fundadora da ABTA e, por isto, decidiu continuar na entidade. Com outros associados insatisfeitos, ela procura agora recuperar sua governan&ccedil;a e estatuto, diz. A TVA entrou na Justi&ccedil;a e conseguiu uma liminar para que a entidade pare de se manifestar publicamente sobre a incorpora&ccedil;&atilde;o pela Telef&ocirc;nica. <\/p>\n<p>Na a&ccedil;&atilde;o, a TVA argumenta que a ABTA n&atilde;o representa mais os interesses dos associados e deixou de atuar em sua defesa. Leila destaca que h&aacute; jurisprud&ecirc;ncia e que a entidade perdeu sua legitimidade como associa&ccedil;&atilde;o. &#39;Qualquer operador pode questionar no Cade&#39;, diz a executiva, citando como exemplos poss&iacute;veis a Net e a Sky. &#39;Mas n&atilde;o a associa&ccedil;&atilde;o&#39;, reclama ela. <\/p>\n<p>Em sua opini&atilde;o, se o neg&oacute;cio entre Telef&ocirc;nica e TVA n&atilde;o for aprovado, ser&aacute; enfraquecido um potencial concorrente para a Telmex no mercado. A TVA est&aacute; tentando mudar o estatuto da entidade, a forma como as decis&otilde;es s&atilde;o tomadas e at&eacute; em rela&ccedil;&atilde;o &agrave; composi&ccedil;&atilde;o da atual diretoria da entidade. Mas Leila acredita que o passo inicial n&atilde;o &eacute; este, e sim a forma de gest&atilde;o. <\/p>\n<p>Loria tamb&eacute;m mostra preocupa&ccedil;&atilde;o com o Seta (Sindicato Nacional das Empresas de Televis&atilde;o por Assinatura). &#39;N&atilde;o queremos que o Seta perca sua caracter&iacute;stica, como ocorreu com a ABTA, disse a executiva. Desde a obten&ccedil;&atilde;o da liminar, n&atilde;o houve nenhuma reuni&atilde;o na ABTA. <\/p>\n<p>A pr&oacute;xima reuni&atilde;o de conselho ainda n&atilde;o est&aacute; marcada, mas nesta ter&ccedil;a-feira, 24, haver&aacute; uma assembl&eacute;ia formal, s&oacute; para aprova&ccedil;&atilde;o de contas. Pela liminar, a entidade n&atilde;o poder&aacute; se manifestar publicamente sobre a transa&ccedil;&atilde;o. Ainda tramita na Justi&ccedil;a uma a&ccedil;&atilde;o ordin&aacute;ria contra a ABTA. <\/p>\n<p><img loading=\"lazy\" decoding=\"async\" src=\"images\/stories\/politica_publicacoes\/c_normal_pq.png\" alt=\"Active Image\" width=\"15\" height=\"15\" \/><\/p>\n","protected":false},"excerpt":{"rendered":"<p>A TVA n&atilde;o sair&aacute; da ABTA, associa&ccedil;&atilde;o que representa as operadoras de TV por assinatura e que entrou com uma a&ccedil;&atilde;o no Conselho Administrativo de Defesa Econ&ocirc;mica (Cade) contra a opera&ccedil;&atilde;o de compra da TVA pela Telef&ocirc;nica. &#39;O que estamos tentando, desde novembro, &eacute; restabelecer a legitimidade da associa&ccedil;&atilde;o&#39;, explica a diretora superintendente da TVA, &hellip; <a href=\"https:\/\/obscom.intervozes.org.br\/?p=18241\" class=\"more-link\">Continue lendo <span class=\"screen-reader-text\">TVA n\u00e3o sair\u00e1 da Associa\u00e7\u00e3o Brasileira de Televis\u00e3o por Assinatura<\/span> <span class=\"meta-nav\">&rarr;<\/span><\/a><\/p>\n","protected":false},"author":1,"featured_media":0,"comment_status":"open","ping_status":"open","sticky":false,"template":"","format":"standard","meta":{"footnotes":""},"categories":[40],"tags":[188],"_links":{"self":[{"href":"https:\/\/obscom.intervozes.org.br\/index.php?rest_route=\/wp\/v2\/posts\/18241"}],"collection":[{"href":"https:\/\/obscom.intervozes.org.br\/index.php?rest_route=\/wp\/v2\/posts"}],"about":[{"href":"https:\/\/obscom.intervozes.org.br\/index.php?rest_route=\/wp\/v2\/types\/post"}],"author":[{"embeddable":true,"href":"https:\/\/obscom.intervozes.org.br\/index.php?rest_route=\/wp\/v2\/users\/1"}],"replies":[{"embeddable":true,"href":"https:\/\/obscom.intervozes.org.br\/index.php?rest_route=%2Fwp%2Fv2%2Fcomments&post=18241"}],"version-history":[{"count":0,"href":"https:\/\/obscom.intervozes.org.br\/index.php?rest_route=\/wp\/v2\/posts\/18241\/revisions"}],"wp:attachment":[{"href":"https:\/\/obscom.intervozes.org.br\/index.php?rest_route=%2Fwp%2Fv2%2Fmedia&parent=18241"}],"wp:term":[{"taxonomy":"category","embeddable":true,"href":"https:\/\/obscom.intervozes.org.br\/index.php?rest_route=%2Fwp%2Fv2%2Fcategories&post=18241"},{"taxonomy":"post_tag","embeddable":true,"href":"https:\/\/obscom.intervozes.org.br\/index.php?rest_route=%2Fwp%2Fv2%2Ftags&post=18241"}],"curies":[{"name":"wp","href":"https:\/\/api.w.org\/{rel}","templated":true}]}}