{"id":18239,"date":"2007-04-24T11:15:47","date_gmt":"2007-04-24T11:15:47","guid":{"rendered":"https:\/\/obscom.intervozes.org.br\/wordpress\/?p=18239"},"modified":"2007-04-24T11:15:47","modified_gmt":"2007-04-24T11:15:47","slug":"para-europeus-do-dvb-t-resta-pouco-mercado-para-o-isdtv","status":"publish","type":"post","link":"https:\/\/obscom.intervozes.org.br\/?p=18239","title":{"rendered":"Para europeus do DVB-T, resta pouco mercado para o ISDTV"},"content":{"rendered":"<p>An&aacute;lise num&eacute;rica a ser considerada, feita por um grande defensor do padr&atilde;o europeu de TV digital (DVB), acerca do otimismo que o F&oacute;rum do ISDTV mostrou durante a &uacute;ltima NAB em rela&ccedil;&atilde;o ao potencial de exporta&ccedil;&atilde;o do chamado sistema nipo-brasileiro: &quot;as avalia&ccedil;&otilde;es sobre TV digital indicam que o mercado ainda aberto para padr&otilde;es de 6 MHz e 60 Hz corresponde a aproximadamente 3% da cobertura da popula&ccedil;&atilde;o mundial. <\/p>\n<p>O mercado ainda aberto em pa&iacute;ses com 7 MHz e 8 MHz de largura de banda &eacute; maior (aproximadamente 15% da popula&ccedil;&atilde;o), mas esse mercado o ISDTV n&atilde;o tem como disputar, j&aacute; que &eacute; tecnicamente incompat&iacute;vel com o mesmo. <\/p>\n<p>Assim sendo, o ISDTV, que conta com 2,8% de mercado mundial (porcentagem da popula&ccedil;&atilde;o brasileira em rela&ccedil;&atilde;o &agrave; popula&ccedil;&atilde;o mundial) poderia, se vencesse todas as disputas com o DVB-T e o ATSC (o que &eacute; altamente improv&aacute;vel), contar com 5,8% do mercado mundial. Em s&iacute;ntese, n&atilde;o h&aacute; mais o que comemorar em termos de economias de escala, ou em &uacute;ltima an&aacute;lise, de pre&ccedil;os baixos para a popula&ccedil;&atilde;o brasileira. Do jeito que est&aacute; parece at&eacute; desperd&iacute;cio de tempo tentar exportar, pois n&atilde;o vai acrescentar muita coisa, ao menos para o consumidor brasileiro&quot;.<\/p>\n<p>N&atilde;o &eacute; assim, evidentemente, que pensa o F&oacute;rum do ISDTV, mas as pr&oacute;prias empresas brasileiras sabem que a exporta&ccedil;&atilde;o, pelo menos nesse momento, n&atilde;o &eacute; a prioridade n&uacute;mero um, at&eacute; pelo volume de trabalho para colocar o padr&atilde;o brasileiro &quot;na rua&quot;. Tamb&eacute;m h&aacute; quem diga que, mais importante do que a escala comercial, o que o Brasil busca &eacute; um bom posicionamento geopol&iacute;tico em rela&ccedil;&atilde;o a uma tecnologia nova, e o ISDTV se prestar&aacute; muito a isso.<\/p>\n<p>Vale lembrar que quem disse que o Brasil tinha chances de explorar o mercado internacional de padr&otilde;es para TV digital foi Peter MacAvock, diretor executivo do DVB Project, em entrevista a este notici&aacute;rio na semana passada. Pode ter sido, obviamente, apenas uma declara&ccedil;&atilde;o gentil. <\/p>\n<p>&nbsp;<\/p>\n<p><img loading=\"lazy\" decoding=\"async\" src=\"images\/stories\/politica_publicacoes\/c_normal_pq.png\" alt=\"Active Image\" width=\"15\" height=\"15\" \/><\/p>\n","protected":false},"excerpt":{"rendered":"<p>De acordo com an\u00e1lise dos europeus, ISDTV, que conta hoje com 2,8% de mercado (porcentagem da popula\u00e7\u00e3o brasileira em rela\u00e7\u00e3o \u00e0 popula\u00e7\u00e3o mundial) poderia, mesmo que vencesse todas as disputas com o DVB-T e o ATSC, contar com somente 5,8% do mercado global.<\/p>\n","protected":false},"author":1,"featured_media":0,"comment_status":"open","ping_status":"open","sticky":false,"template":"","format":"standard","meta":{"footnotes":""},"categories":[40],"tags":[79],"_links":{"self":[{"href":"https:\/\/obscom.intervozes.org.br\/index.php?rest_route=\/wp\/v2\/posts\/18239"}],"collection":[{"href":"https:\/\/obscom.intervozes.org.br\/index.php?rest_route=\/wp\/v2\/posts"}],"about":[{"href":"https:\/\/obscom.intervozes.org.br\/index.php?rest_route=\/wp\/v2\/types\/post"}],"author":[{"embeddable":true,"href":"https:\/\/obscom.intervozes.org.br\/index.php?rest_route=\/wp\/v2\/users\/1"}],"replies":[{"embeddable":true,"href":"https:\/\/obscom.intervozes.org.br\/index.php?rest_route=%2Fwp%2Fv2%2Fcomments&post=18239"}],"version-history":[{"count":0,"href":"https:\/\/obscom.intervozes.org.br\/index.php?rest_route=\/wp\/v2\/posts\/18239\/revisions"}],"wp:attachment":[{"href":"https:\/\/obscom.intervozes.org.br\/index.php?rest_route=%2Fwp%2Fv2%2Fmedia&parent=18239"}],"wp:term":[{"taxonomy":"category","embeddable":true,"href":"https:\/\/obscom.intervozes.org.br\/index.php?rest_route=%2Fwp%2Fv2%2Fcategories&post=18239"},{"taxonomy":"post_tag","embeddable":true,"href":"https:\/\/obscom.intervozes.org.br\/index.php?rest_route=%2Fwp%2Fv2%2Ftags&post=18239"}],"curies":[{"name":"wp","href":"https:\/\/api.w.org\/{rel}","templated":true}]}}