{"id":18238,"date":"2007-04-23T19:21:39","date_gmt":"2007-04-23T19:21:39","guid":{"rendered":"https:\/\/obscom.intervozes.org.br\/wordpress\/?p=18238"},"modified":"2007-04-23T19:21:39","modified_gmt":"2007-04-23T19:21:39","slug":"livro-desvenda-caminhos-da-producao-na-comunicacao-digital","status":"publish","type":"post","link":"https:\/\/obscom.intervozes.org.br\/?p=18238","title":{"rendered":"Livro desvenda caminhos da produ\u00e7\u00e3o na comunica\u00e7\u00e3o digital"},"content":{"rendered":"<p><em>Cada vez mais, na sociedade que vai se digitalizando, surgem ferramentas do tipo <em>You Tube <\/em>e <em>Wikipedia<\/em>, que permitem a distribui&ccedil;&atilde;o e o compartilhamento de informa&ccedil;&atilde;o e produ&ccedil;&atilde;o cultural. O fen&ocirc;meno <em>Commons<\/em> chega para revolucionar os conceitos da produ&ccedil;&atilde;o capitalista. Para tratar das quest&otilde;es t&eacute;cnicas e jur&iacute;dicas relacionadas a esta nova realidade, o livro <em>&ldquo;Comunica&ccedil;&atilde;o digital e a constru&ccedil;&atilde;o dos&nbsp; commons: redes virais, espectro aberto e as novas possibilidades de regula&ccedil;&atilde;o&rdquo; <\/em>aborda a id&eacute;ia de amplia&ccedil;&atilde;o da liberdade, da criatividade e da democracia.<\/em><\/p>\n<p>O fen&ocirc;meno <em>Commons<\/em> tem sido fundamental nas muitas batalhas pela democratiza&ccedil;&atilde;o das comunica&ccedil;&otilde;es. Como o pr&oacute;prio nome sugere, <em>commons<\/em> significa aquilo que &eacute; comum a todos, um espa&ccedil;o em que as coisas s&atilde;o p&uacute;blicas, uma comunidade em que a produ&ccedil;&atilde;o intelectual &eacute; compartilhada. Seu efeito atinge o capitalismo informacional em todas as suas manifesta&ccedil;&otilde;es e contradi&ccedil;&otilde;es, revolucionando a produ&ccedil;&atilde;o simb&oacute;lica da humanidade.<\/p>\n<p>O livro re&uacute;ne os autores Gustavo Gindre, Jo&atilde;o Brant, Kevin Werbach, S&eacute;rgio Amadeu da Silveira e Yochai Benkler, em textos fundamentais para quem quer entender melhor os impactos que os <em>commons<\/em> representam na distribui&ccedil;&atilde;o e no compartilhamento de informa&ccedil;&atilde;o e produ&ccedil;&atilde;o cultural, com exemplos como a <em>Wikipedia<\/em>, o <em>YouTube <\/em>e o licenciamento flex&iacute;vel de obras de arte, m&uacute;sicas e livros denominado <em>Creative Commons<\/em>. <\/p>\n<p>Yochai Benkler, professor titular na Escola de Direito de Yale, por exemplo, discorre sobre a economia pol&iacute;tica dos <em>commons<\/em> e as leis que regulam a produ&ccedil;&atilde;o e troca de informa&ccedil;&atilde;o no espa&ccedil;o virtual. Como ele bem resume, &ldquo;estamos participando de um per&iacute;odo de mudan&ccedil;as profundas, em que a produ&ccedil;&atilde;o colaborativa evolui para a constitui&ccedil;&atilde;o de uma verdadeira economia das redes de informa&ccedil;&atilde;o&rdquo;.<\/p>\n<p>O tamb&eacute;m estadunidense Kevin Werbach, professor titular na Universidade da Pennsylvania, por sua vez, explora em seu texto as quest&otilde;es legais e econ&ocirc;micas relacionadas &agrave;s tecnologias da informa&ccedil;&atilde;o e da comunica&ccedil;&atilde;o, defendendo a necessidade de superarmos o modo arcaico de distribui&ccedil;&atilde;o de freq&uuml;&ecirc;ncias radioel&eacute;tricas, que persiste desde o in&iacute;cio do s&eacute;culo XX e que &eacute; determinante para a democratiza&ccedil;&atilde;o das comunica&ccedil;&otilde;es.<\/p>\n<p>O artigo de S&eacute;rgio Amadeu da Silveira trata de assunto central para as id&eacute;ias defendidas no livro: a descentraliza&ccedil;&atilde;o e desconcentra&ccedil;&atilde;o do poder comunicacional, tamb&eacute;m defendendo a constru&ccedil;&atilde;o de uma infraestrutura comum e democr&aacute;tica de telecomunica&ccedil;&otilde;es.<\/p>\n<p>Jo&atilde;o Brant e Gustavo Gindre, ambos integrantes do Intervozes &ndash; Coletivo Brasil de Comunica&ccedil;&atilde;o Social, escrevem, respectivamente, sobre as mudan&ccedil;as que as pol&iacute;ticas do espectro podem trazer para a diversidade dos conte&uacute;dos e sobre a regula&ccedil;&atilde;o das comunica&ccedil;&otilde;es em um cen&aacute;rio de converg&ecirc;ncia de m&iacute;dias. Em suma, esse &eacute; um livro que, ao tratar das quest&otilde;es t&eacute;cnicas e jur&iacute;dicas relacionadas ao commons, aborda fundamentalmente da id&eacute;ia de amplia&ccedil;&atilde;o da liberdade, da criatividade e da democracia.<\/p>\n<p><strong>Sobre os autores<\/strong><\/p>\n<p><strong>Yochai Benkler<\/strong> &eacute; professor titular de direito na Escola de Direito de Yale; <strong>S&eacute;rgio Amadeu da Silveira<\/strong> &eacute; doutor em ci&ecirc;ncia pol&iacute;tica pela USP e professor titular de comunica&ccedil;&atilde;o na Faculdade C&aacute;sper L&iacute;bero; <strong>Kevin Werbach <\/strong>&eacute; professor titular da Universidade da Pennsylvania; <strong>Jo&atilde;o Brant <\/strong>&eacute; mestre em regula&ccedil;&atilde;o e pol&iacute;ticas p&uacute;blicas de m&iacute;dia e comunica&ccedil;&atilde;o pela London School of Economics and Political Science; <strong>Gustavo Gindre<\/strong> &eacute; mestre em comunica&ccedil;&atilde;o pela Universidade Federal do Rio de Janeiro. <\/p>\n<p>&nbsp;O livro pode ser adiquirido no site Funda&ccedil;&atilde;o Perseu Abramo, editora da publica&ccedil;&atilde;o:<br \/><a href=\"http:\/\/www2.fpa.org.br\/portal\/modules\/news\/index.php?storytopic=68\">http:\/\/www2.fpa.org.br\/portal\/modules\/news\/index.php?storytopic=68<\/a><\/p>\n<p>&nbsp;<\/p>\n<p>&nbsp;<img loading=\"lazy\" decoding=\"async\" src=\"images\/stories\/politica_publicacoes\/c_invertido_pq.png\" alt=\"Active Image\" width=\"15\" height=\"15\" \/><\/p>\n<p>&nbsp;<\/p>\n","protected":false},"excerpt":{"rendered":"<p>Cada vez mais, na sociedade que vai se digitalizando, surgem ferramentas do tipo You Tube e Wikipedia, que permitem a distribui&ccedil;&atilde;o e o compartilhamento de informa&ccedil;&atilde;o e produ&ccedil;&atilde;o cultural. O fen&ocirc;meno Commons chega para revolucionar os conceitos da produ&ccedil;&atilde;o capitalista. Para tratar das quest&otilde;es t&eacute;cnicas e jur&iacute;dicas relacionadas a esta nova realidade, o livro &ldquo;Comunica&ccedil;&atilde;o &hellip; <a href=\"https:\/\/obscom.intervozes.org.br\/?p=18238\" class=\"more-link\">Continue lendo <span class=\"screen-reader-text\">Livro desvenda caminhos da produ\u00e7\u00e3o na comunica\u00e7\u00e3o digital<\/span> <span class=\"meta-nav\">&rarr;<\/span><\/a><\/p>\n","protected":false},"author":1,"featured_media":0,"comment_status":"open","ping_status":"open","sticky":false,"template":"","format":"standard","meta":{"footnotes":""},"categories":[40],"tags":[187],"_links":{"self":[{"href":"https:\/\/obscom.intervozes.org.br\/index.php?rest_route=\/wp\/v2\/posts\/18238"}],"collection":[{"href":"https:\/\/obscom.intervozes.org.br\/index.php?rest_route=\/wp\/v2\/posts"}],"about":[{"href":"https:\/\/obscom.intervozes.org.br\/index.php?rest_route=\/wp\/v2\/types\/post"}],"author":[{"embeddable":true,"href":"https:\/\/obscom.intervozes.org.br\/index.php?rest_route=\/wp\/v2\/users\/1"}],"replies":[{"embeddable":true,"href":"https:\/\/obscom.intervozes.org.br\/index.php?rest_route=%2Fwp%2Fv2%2Fcomments&post=18238"}],"version-history":[{"count":0,"href":"https:\/\/obscom.intervozes.org.br\/index.php?rest_route=\/wp\/v2\/posts\/18238\/revisions"}],"wp:attachment":[{"href":"https:\/\/obscom.intervozes.org.br\/index.php?rest_route=%2Fwp%2Fv2%2Fmedia&parent=18238"}],"wp:term":[{"taxonomy":"category","embeddable":true,"href":"https:\/\/obscom.intervozes.org.br\/index.php?rest_route=%2Fwp%2Fv2%2Fcategories&post=18238"},{"taxonomy":"post_tag","embeddable":true,"href":"https:\/\/obscom.intervozes.org.br\/index.php?rest_route=%2Fwp%2Fv2%2Ftags&post=18238"}],"curies":[{"name":"wp","href":"https:\/\/api.w.org\/{rel}","templated":true}]}}