{"id":18232,"date":"2007-04-23T12:04:39","date_gmt":"2007-04-23T12:04:39","guid":{"rendered":"https:\/\/obscom.intervozes.org.br\/wordpress\/?p=18232"},"modified":"2007-04-23T12:04:39","modified_gmt":"2007-04-23T12:04:39","slug":"documentaristas-de-roraima-criam-associacao-motivados-pelo-doc-tv","status":"publish","type":"post","link":"https:\/\/obscom.intervozes.org.br\/?p=18232","title":{"rendered":"Documentaristas de Roraima criam associa\u00e7\u00e3o motivados pelo DOC TV"},"content":{"rendered":"<p>A primeira associa&ccedil;&atilde;o de documentaristas de Roraima foi criada, segundo o jornalista Thiago Chaves Briglia, ap&oacute;s a participa&ccedil;&atilde;o do estado no programa DOC TV. Briglia &eacute; o diretor de Monte Roraima &#8211; Magia e Aventura na Terra de Makunaima, exibido pela rede p&uacute;blica de TV.<\/p>\n<p>&ldquo;O DOC, al&eacute;m de mexer com a hegemonia do eixo Rio-S&atilde;o Paulo, veio para estimular reflex&otilde;es sobre a produ&ccedil;&atilde;o audiovisual em Roraima, que ainda &eacute; muito independente, restrita ao local&rdquo;, pontua. Roraima concorreu com dois document&aacute;rios; de S&atilde;o Paulo foram inscritos 159 trabalhos.<\/p>\n<p>Segundo Briglia, as produtoras do estado ainda carecem de infra-estrutura, problema que se refletiu no seu document&aacute;rio. &ldquo;N&atilde;o conseguimos utilizar os melhores equipamentos poss&iacute;veis, porque as produtoras precisam se equipar melhor.&rdquo; <\/p>\n<p>A falta de equipamento, entretanto, n&atilde;o prejudicou a concep&ccedil;&atilde;o de Monte Roraima &#8211; Magia e Aventura na Terra de Makunaima, que, inicialmente, conta a hist&oacute;ria do mito ind&iacute;gena ent&atilde;o popularizado em Macuna&iacute;ma de M&aacute;rio de Andrade.<\/p>\n<p>Na l&iacute;ngua dos &iacute;ndios macuxi, o document&aacute;rio inicia o longo percurso ancestral que envolve o mito do Makunaima e a forma&ccedil;&atilde;o do Monte Roraima &#8211; com cerca de 2 bilh&otilde;es de anos e na fronteira do Brasil com a Venezuela e a Guiana Francesa. Para os macuxi, Makunaima &eacute; filho de uma rara noite de encontro do sol e da lua. Da luz do eclipse, refletida nas &aacute;guas do grande e misterioso lago, nasce o deus Makunaima. Essa &eacute; uma das perspectivas do document&aacute;rio, que tamb&eacute;m recolheu depoimentos dos &iacute;ndios ingarik&oacute; e taurepang. <\/p>\n<p>&ldquo;O mito tem v&aacute;rias vers&otilde;es e est&aacute; vivo nas manifesta&ccedil;&otilde;es ind&iacute;genas&rdquo;, comenta Briglia. No v&iacute;deo, uma das passagens mais bem retratadas &eacute; o timb&oacute;, ritual da pesca dos Ingarik&oacute;. Eles extraem ra&iacute;zes de &aacute;rvores, que s&atilde;o molhadas nas &aacute;guas dos rios e servidas como isca aos peixes. Esse baga&ccedil;o amortece os animais, que s&atilde;o alvos f&aacute;ceis da pesca. Os Ingarik&oacute; acreditam que o ensinamento foi deixado por Makunaima. <\/p>\n<p>&ldquo;Para algumas etnias, ele foi Deus e para outras um guerreiro, mais pr&oacute;ximo da representa&ccedil;&atilde;o humana.&rdquo; Nesse sentido, surgem as contradi&ccedil;&otilde;es de Makunaima. Esse antepassado deixa rastros de sua malandragem em algumas culturas e alimenta brincadeiras nas aldeias. Alguns ind&iacute;genas atribuem a capacidade de invencionice &agrave; influ&ecirc;ncia de Makunaima. E declaram: &ldquo;quase um doido&rdquo;. N&atilde;o &eacute; &agrave; toa que Mario de Andrade se inspirou nas contradi&ccedil;&otilde;es desse ind&iacute;gena lend&aacute;rio e ampliou a sagacidade da pregui&ccedil;a desse &iacute;ndio &agrave; principal caracter&iacute;stica do mito liter&aacute;rio. <\/p>\n<p>O document&aacute;rio de Briglia traz, inclusive, registros hist&oacute;ricos do etn&oacute;logo alem&atilde;o Theodor Koch-Gr&uuml;nberg, quando esteve entre os &iacute;ndios taurepang (pem&oacute;n para os venezuelanos) e Arekuna, em 1911. M&aacute;rio de Andrade teve contato com obra do alem&atilde;o, Vom Roroima Zum Orinoco, e assim orientou parte da pesquisa de Macuna&iacute;ma. A id&eacute;ia de Briglia foi situar Macuna&iacute;ma de Mario de Andrade como uma das hist&oacute;rias, e n&atilde;o a principal sobre Makunaima. O document&aacute;rio n&atilde;o se restringe &agrave; apresenta&ccedil;&atilde;o e &agrave; discuss&atilde;o do mito. <\/p>\n<p>O mito &eacute; parte da narrativa do Monte Roraima, e, por isso, o document&aacute;rio traz depoimentos de guias e de turistas sobre a natureza e a beleza da regi&atilde;o. &ldquo;Acho que o turismo precisa dessa fundamenta&ccedil;&atilde;o da cultura, no caso, a hist&oacute;ria oral dos ind&iacute;genas&rdquo;, explica Briglia. Contudo, a leitura tur&iacute;stica, que finaliza o v&iacute;deo, quebra o ritmo do document&aacute;rio e exp&otilde;e o ind&iacute;gena como parte do exotismo da regi&atilde;o. <\/p>\n<p>&nbsp;<\/p>\n<p>&nbsp;<img loading=\"lazy\" decoding=\"async\" src=\"images\/stories\/politica_publicacoes\/c_invertido_pq.png\" alt=\"Active Image\" width=\"15\" height=\"15\" \/><\/p>\n<p>&nbsp;<\/p>\n","protected":false},"excerpt":{"rendered":"<p>A primeira associa\u00e7\u00e3o de documentaristas de Roraima foi criada, segundo o jornalista Thiago Chaves Briglia, ap\u00f3s a participa\u00e7\u00e3o do estado no programa DOC TV.<\/p>\n","protected":false},"author":1,"featured_media":0,"comment_status":"open","ping_status":"open","sticky":false,"template":"","format":"standard","meta":{"footnotes":""},"categories":[40],"tags":[120],"_links":{"self":[{"href":"https:\/\/obscom.intervozes.org.br\/index.php?rest_route=\/wp\/v2\/posts\/18232"}],"collection":[{"href":"https:\/\/obscom.intervozes.org.br\/index.php?rest_route=\/wp\/v2\/posts"}],"about":[{"href":"https:\/\/obscom.intervozes.org.br\/index.php?rest_route=\/wp\/v2\/types\/post"}],"author":[{"embeddable":true,"href":"https:\/\/obscom.intervozes.org.br\/index.php?rest_route=\/wp\/v2\/users\/1"}],"replies":[{"embeddable":true,"href":"https:\/\/obscom.intervozes.org.br\/index.php?rest_route=%2Fwp%2Fv2%2Fcomments&post=18232"}],"version-history":[{"count":0,"href":"https:\/\/obscom.intervozes.org.br\/index.php?rest_route=\/wp\/v2\/posts\/18232\/revisions"}],"wp:attachment":[{"href":"https:\/\/obscom.intervozes.org.br\/index.php?rest_route=%2Fwp%2Fv2%2Fmedia&parent=18232"}],"wp:term":[{"taxonomy":"category","embeddable":true,"href":"https:\/\/obscom.intervozes.org.br\/index.php?rest_route=%2Fwp%2Fv2%2Fcategories&post=18232"},{"taxonomy":"post_tag","embeddable":true,"href":"https:\/\/obscom.intervozes.org.br\/index.php?rest_route=%2Fwp%2Fv2%2Ftags&post=18232"}],"curies":[{"name":"wp","href":"https:\/\/api.w.org\/{rel}","templated":true}]}}