{"id":18231,"date":"2007-04-23T11:49:31","date_gmt":"2007-04-23T11:49:31","guid":{"rendered":"https:\/\/obscom.intervozes.org.br\/wordpress\/?p=18231"},"modified":"2007-04-23T11:49:31","modified_gmt":"2007-04-23T11:49:31","slug":"planalto-intervem-em-emenda-sobre-tv-digital","status":"publish","type":"post","link":"https:\/\/obscom.intervozes.org.br\/?p=18231","title":{"rendered":"Planalto interv\u00e9m em emenda sobre TV digital"},"content":{"rendered":"<p>O Pal&aacute;cio do Planalto teve interven&ccedil;&atilde;o direta na aprova&ccedil;&atilde;o, pelo plen&aacute;rio da C&acirc;mara dos Deputados, da Medida Provis&oacute;ria (MP 352) que trata dos incentivos fiscais para chips, displays (telas) e setop box da TV digital, na noite de ter&ccedil;a-feira, 17. <\/p>\n<p>Dois princ&iacute;pios que considerados inegoci&aacute;veis pelo Planalto, restringir a fabrica&ccedil;&atilde;o dos conversores (setop boxes) da TV digital &agrave; Zona Franca de Manaus, e permitir que as telas com as novas tecnologias (de cristal l&iacute;quido, de plasma ou org&acirc;nicas) fossem fabricadas em qualquer parte do pa&iacute;s, foram mantidos. Em contrapartida, o governo aceitou ampliar os incentivos fiscais para ind&uacute;strias de telecomunica&ccedil;&otilde;es e inform&aacute;tica instaladas fora da Zona Franca. <\/p>\n<p>A oposi&ccedil;&atilde;o, capitaneada pelo PFL e acompanhada pelo PSDB, fazia obstru&ccedil;&atilde;o &agrave; vota&ccedil;&atilde;o da MP at&eacute; que o Pal&aacute;cio do Planalto interveio, trocou com o relator o setop box em Manaus pelo display em todo o pa&iacute;s, e fechou acordo com a oposi&ccedil;&atilde;o para a amplia&ccedil;&atilde;o dos benef&iacute;cios fiscais para a ind&uacute;stria de inform&aacute;tica e telecomunica&ccedil;&otilde;es. <\/p>\n<p>Assim, a emenda do deputado Julio Semeghini (PSDB\/SP) foi incorporada ao texto final, por acordo das lideran&ccedil;as partid&aacute;rias, a vota&ccedil;&atilde;o conclu&iacute;da, e o projeto encaminhado ao Senado Federal. Pela emenda, as empresas de telecomunica&ccedil;&otilde;es e inform&aacute;tica, que contam com redu&ccedil;&atilde;o do IPI nos equipamentos fabricados internamente, poder&atilde;o usufruir dos benef&iacute;cios da Lei 11.196\/05 (a antiga MP do Bem), conhecida tamb&eacute;m como a Leide Inova&ccedil;&atilde;o. Essa lei, entre outros benef&iacute;cios, permite que as empresas que investem em P&amp;D no pa&iacute;s deduzam o que investirem do Imposto de Renda; paguem menos 50% de IPI sobre os equipamentos usados na pesquisa; fa&ccedil;am deprecia&ccedil;&atilde;o e amortiza&ccedil;&atilde;o aceleradas e paguem menos IR sobre as remessas de royalties.<\/p>\n<p>&nbsp;<\/p>\n<p><img loading=\"lazy\" decoding=\"async\" src=\"images\/stories\/politica_publicacoes\/c_normal_pq.png\" alt=\"Active Image\" width=\"15\" height=\"15\" \/><\/p>\n","protected":false},"excerpt":{"rendered":"<p>O Pal\u00e1cio do Planalto teve interven\u00e7\u00e3o direta na aprova\u00e7\u00e3o, pelo plen\u00e1rio da C\u00e2mara dos Deputados, da Medida Provis\u00f3ria (MP 352) que trata dos incentivos fiscais para chips, displays (telas) e setop box da TV digital, na noite de ter\u00e7a-feira, 17.<\/p>\n","protected":false},"author":1,"featured_media":0,"comment_status":"open","ping_status":"open","sticky":false,"template":"","format":"standard","meta":{"footnotes":""},"categories":[40],"tags":[183],"_links":{"self":[{"href":"https:\/\/obscom.intervozes.org.br\/index.php?rest_route=\/wp\/v2\/posts\/18231"}],"collection":[{"href":"https:\/\/obscom.intervozes.org.br\/index.php?rest_route=\/wp\/v2\/posts"}],"about":[{"href":"https:\/\/obscom.intervozes.org.br\/index.php?rest_route=\/wp\/v2\/types\/post"}],"author":[{"embeddable":true,"href":"https:\/\/obscom.intervozes.org.br\/index.php?rest_route=\/wp\/v2\/users\/1"}],"replies":[{"embeddable":true,"href":"https:\/\/obscom.intervozes.org.br\/index.php?rest_route=%2Fwp%2Fv2%2Fcomments&post=18231"}],"version-history":[{"count":0,"href":"https:\/\/obscom.intervozes.org.br\/index.php?rest_route=\/wp\/v2\/posts\/18231\/revisions"}],"wp:attachment":[{"href":"https:\/\/obscom.intervozes.org.br\/index.php?rest_route=%2Fwp%2Fv2%2Fmedia&parent=18231"}],"wp:term":[{"taxonomy":"category","embeddable":true,"href":"https:\/\/obscom.intervozes.org.br\/index.php?rest_route=%2Fwp%2Fv2%2Fcategories&post=18231"},{"taxonomy":"post_tag","embeddable":true,"href":"https:\/\/obscom.intervozes.org.br\/index.php?rest_route=%2Fwp%2Fv2%2Ftags&post=18231"}],"curies":[{"name":"wp","href":"https:\/\/api.w.org\/{rel}","templated":true}]}}