{"id":18228,"date":"2007-04-20T14:33:22","date_gmt":"2007-04-20T14:33:22","guid":{"rendered":"https:\/\/obscom.intervozes.org.br\/wordpress\/?p=18228"},"modified":"2007-04-20T14:33:22","modified_gmt":"2007-04-20T14:33:22","slug":"entidades-pedem-mobilizacao-e-insercao-do-tema-em-lei-geral","status":"publish","type":"post","link":"https:\/\/obscom.intervozes.org.br\/?p=18228","title":{"rendered":"Entidades pedem mobiliza\u00e7\u00e3o e inser\u00e7\u00e3o do tema em lei geral"},"content":{"rendered":"<p>S&Atilde;O PAULO &ndash; Nos pr&oacute;ximos dias, deve ser divulgada pelo minist&eacute;rio das Comunica&ccedil;&otilde;es a rela&ccedil;&atilde;o das entidades pr&eacute;-selecionadas para exercer o servi&ccedil;o de radiodifus&atilde;o comunit&aacute;ria na cidade de S&atilde;o Paulo. Mais de 150 associa&ccedil;&otilde;es enviaram documentos ao minist&eacute;rio, no intuito de instalar uma emissora comunit&aacute;ria na capital paulista.<\/p>\n<p>Desde a aprova&ccedil;&atilde;o da Lei de Radiodifus&atilde;o Comunit&aacute;ria (9.612\/1998), h&aacute; mais de oito anos, o aviso de habilita&ccedil;&atilde;o publicado em dezembro de 2006 em S&atilde;o Paulo foi o primeiro na maior cidade do pa&iacute;s. Contando com o apoio de v&aacute;rios segmentos do poder p&uacute;blico e da sociedade para que seja poss&iacute;vel legalizar as emissoras na capital, o processo que atualmente se desenvolve em S&atilde;o Paulo &eacute; emblem&aacute;tico do potencial das r&aacute;dios comunit&aacute;rias e, ainda mais, das dificuldades e desafios que enfrentam atualmente no pa&iacute;s.<\/p>\n<p>Para conhecer as perspectivas e prioridades relativas &agrave;s r&aacute;dios comunit&aacute;rias nos pr&oacute;ximos meses de 2007, Carta Maior entrevistou Jos&eacute; Guilherme, coordenador de Comunica&ccedil;&atilde;o e Cultura da Abra&ccedil;o (Associa&ccedil;&atilde;o Brasileira de Radiodifus&atilde;o Comunit&aacute;ria) e secret&aacute;rio-geral do FNDC (F&oacute;rum Nacional pela Democratiza&ccedil;&atilde;o da Comunica&ccedil;&atilde;o) e Ta&iacute;s Ladeira, integrante da mesa coordenadora da Amarc Brasil (Associa&ccedil;&atilde;o Mundial de R&aacute;dios Comunit&aacute;rias). <\/p>\n<p>Entre 26 de mar&ccedil;o e 19 de abril, a reportagem buscou por diversas vezes ouvir algum representante do Minist&eacute;rio das Comunica&ccedil;&otilde;es, especialmente Alexandra Costa, coordenadora de Servi&ccedil;os de Radiodifus&atilde;o Comunit&aacute;ria da secretaria de Servi&ccedil;os de Comunica&ccedil;&atilde;o Eletr&ocirc;nica do minist&eacute;rio. Ap&oacute;s quase um m&ecirc;s, contudo, Carta Maior n&atilde;o teve atendido seu pedido de entrevista. <\/p>\n<p>Neste meio tempo, o minist&eacute;rio das Comunica&ccedil;&otilde;es publicou no dia 10 de abril avisos de habilita&ccedil;&atilde;o para r&aacute;dios comunit&aacute;rias em 194 localidades do pa&iacute;s. A iniciativa tamb&eacute;m foi objeto de quest&atilde;o a Jos&eacute; Guilherme e Ta&iacute;s Ladeira. <\/p>\n<p>A repress&atilde;o tamb&eacute;m se fez presente com for&ccedil;a e o fechamento de r&aacute;dios em v&aacute;rias cidades, como a pr&oacute;pria capital paulista e o munic&iacute;pio baiano de Teixeira de Freitas, entre outras localidades.<\/p>\n<p><strong>Confira as avalia&ccedil;&otilde;es dos representantes da Abra&ccedil;o e Amarc<\/strong><br \/><a href=\"http:\/\/cartamaior.uol.com.br\/templates\/materiaMostrar.cfm?materia_id=13908&amp;alterarHomeAtual=1\" target=\"_blank\">Jos&eacute; Guilherme, coordenador de Comunica&ccedil;&atilde;o e Cultura da Abra&ccedil;o<\/a><br \/><a href=\"http:\/\/cartamaior.uol.com.br\/templates\/materiaMostrar.cfm?materia_id=13909&amp;alterarHomeAtual=1\" target=\"_blank\">Ta&iacute;s Ladeira, integrante da mesa coordenadora da Amarc Brasil<\/a><\/p>\n<p><strong>Leia mais na Ag&ecirc;ncia Carta Maior<\/strong><br \/><a href=\"http:\/\/cartamaior.uol.com.br\/templates\/materiaMostrar.cfm?materia_id=13910&amp;alterarHomeAtual=1\" target=\"_blank\">Entidades aguardam divulga&ccedil;&atilde;o de emissoras pr&eacute;-selecionadas em SP<\/a><br \/><a href=\"http:\/\/cartamaior.uol.com.br\/templates\/materiaMostrar.cfm?materia_id=13911&amp;alterarHomeAtual=1\" target=\"_blank\">Para entidade que presta aux&iacute;lio &agrave;s r&aacute;dios, &lsquo;prioridade da Anatel &eacute; clara&rsquo;<\/a><br \/><a href=\"http:\/\/cartamaior.uol.com.br\/templates\/materiaMostrar.cfm?materia_id=13912&amp;alterarHomeAtual=1\" target=\"_blank\">Emissoras enfrentam desafio da articula&ccedil;&atilde;o para se legalizar em SP<\/a><\/p>\n<p><img loading=\"lazy\" decoding=\"async\" src=\"images\/stories\/politica_publicacoes\/c_invertido_pq.png\" alt=\"Active Image\" width=\"15\" height=\"15\" \/><\/p>\n","protected":false},"excerpt":{"rendered":"<p>Nos pr\u00f3ximos dias, deve ser divulgada pelo Minist\u00e9rio das Comunica\u00e7\u00f5es a rela\u00e7\u00e3o das entidades selecionadas para exercer o servi\u00e7o de radiodifus\u00e3o comunit\u00e1ria em S\u00e3o Paulo. Mais de 150 associa\u00e7\u00f5es enviaram documentos, no intuito de instalar uma emissora.<\/p>\n","protected":false},"author":1,"featured_media":0,"comment_status":"open","ping_status":"open","sticky":false,"template":"","format":"standard","meta":{"footnotes":""},"categories":[40],"tags":[155],"_links":{"self":[{"href":"https:\/\/obscom.intervozes.org.br\/index.php?rest_route=\/wp\/v2\/posts\/18228"}],"collection":[{"href":"https:\/\/obscom.intervozes.org.br\/index.php?rest_route=\/wp\/v2\/posts"}],"about":[{"href":"https:\/\/obscom.intervozes.org.br\/index.php?rest_route=\/wp\/v2\/types\/post"}],"author":[{"embeddable":true,"href":"https:\/\/obscom.intervozes.org.br\/index.php?rest_route=\/wp\/v2\/users\/1"}],"replies":[{"embeddable":true,"href":"https:\/\/obscom.intervozes.org.br\/index.php?rest_route=%2Fwp%2Fv2%2Fcomments&post=18228"}],"version-history":[{"count":0,"href":"https:\/\/obscom.intervozes.org.br\/index.php?rest_route=\/wp\/v2\/posts\/18228\/revisions"}],"wp:attachment":[{"href":"https:\/\/obscom.intervozes.org.br\/index.php?rest_route=%2Fwp%2Fv2%2Fmedia&parent=18228"}],"wp:term":[{"taxonomy":"category","embeddable":true,"href":"https:\/\/obscom.intervozes.org.br\/index.php?rest_route=%2Fwp%2Fv2%2Fcategories&post=18228"},{"taxonomy":"post_tag","embeddable":true,"href":"https:\/\/obscom.intervozes.org.br\/index.php?rest_route=%2Fwp%2Fv2%2Ftags&post=18228"}],"curies":[{"name":"wp","href":"https:\/\/api.w.org\/{rel}","templated":true}]}}