{"id":18227,"date":"2007-04-20T14:25:26","date_gmt":"2007-04-20T14:25:26","guid":{"rendered":"https:\/\/obscom.intervozes.org.br\/wordpress\/?p=18227"},"modified":"2007-04-20T14:25:26","modified_gmt":"2007-04-20T14:25:26","slug":"ministros-vao-a-camara-e-ao-senado-discutir-tv-publica","status":"publish","type":"post","link":"https:\/\/obscom.intervozes.org.br\/?p=18227","title":{"rendered":"Ministros v\u00e3o \u00e0 C\u00e2mara e ao Senado discutir TV p\u00fablica"},"content":{"rendered":"<p>Os ministros Gilberto Gil (Cultura) e Franklin Martins (Comunica&ccedil;&atilde;o Social) estivaram nesta quinta (19\/04) no Congresso Nacional para conversar com os presidentes da C&acirc;mara, Arlindo Chinaglia, e do Senado, Renan Calheiros sobre a cria&ccedil;&atilde;o de uma TV p&uacute;blica nacional.<\/p>\n<p>Aos jornalistas, ambos&nbsp;refor&ccedil;aram a&nbsp;import&acirc;ncia do debate&nbsp;com os mais diversos setores da sociedade, o que inclui, naturalmente, o Congresso Nacional. &ldquo;A conversa com os dois presidentes vai nesse sentido&rdquo;, disse Gilberto Gil. &ldquo;&Eacute; preciso que os deputados e senadores d&ecirc;em as suas opini&otilde;es sobre a forma&ccedil;&atilde;o dessa TV&rdquo;. <\/p>\n<p>J&aacute; o ministro da Comunica&ccedil;&atilde;o Social, Franklin Martins, afirmou que ser&aacute; preciso votar um novo marco legal para a rede p&uacute;blica de televis&atilde;o, e a reuni&atilde;o &ldquo;&eacute; o come&ccedil;o de um debate para que se construa esse marco&rdquo;. Franklin voltou a dizer que a TV n&atilde;o ser&aacute; do governo, nem ter&aacute; aspecto comercial. &ldquo;A TV p&uacute;blica, em todo o mundo, &eacute; um canal que produz um jornalismo isento, al&eacute;m de ter uma programa&ccedil;&atilde;o cultural extremamente ativa&rdquo;, afirmou.<\/p>\n<p>A expectativa &eacute; de que at&eacute; meados de maio os debates e audi&ecirc;ncias p&uacute;blicas sobre a futura TV p&uacute;blica nacional comecem no Congresso. Segundo o ministro da Comunica&ccedil;&atilde;o Social, at&eacute; o final deste ano a &ldquo;espinha dorsal&rdquo; da TV p&uacute;blica nacional dever&aacute; estar formada.<\/p>\n<p>&nbsp;<img loading=\"lazy\" decoding=\"async\" src=\"images\/stories\/politica_publicacoes\/c_invertido_pq.png\" alt=\"Active Image\" width=\"15\" height=\"15\" \/><\/p>\n<p>&nbsp;<\/p>\n","protected":false},"excerpt":{"rendered":"<p>Os ministros Gilberto Gil (Cultura) e Franklin Martins (Comunica&ccedil;&atilde;o Social) estivaram nesta quinta (19\/04) no Congresso Nacional para conversar com os presidentes da C&acirc;mara, Arlindo Chinaglia, e do Senado, Renan Calheiros sobre a cria&ccedil;&atilde;o de uma TV p&uacute;blica nacional. Aos jornalistas, ambos&nbsp;refor&ccedil;aram a&nbsp;import&acirc;ncia do debate&nbsp;com os mais diversos setores da sociedade, o que inclui, naturalmente, &hellip; <a href=\"https:\/\/obscom.intervozes.org.br\/?p=18227\" class=\"more-link\">Continue lendo <span class=\"screen-reader-text\">Ministros v\u00e3o \u00e0 C\u00e2mara e ao Senado discutir TV p\u00fablica<\/span> <span class=\"meta-nav\">&rarr;<\/span><\/a><\/p>\n","protected":false},"author":1,"featured_media":0,"comment_status":"open","ping_status":"open","sticky":false,"template":"","format":"standard","meta":{"footnotes":""},"categories":[40],"tags":[164],"_links":{"self":[{"href":"https:\/\/obscom.intervozes.org.br\/index.php?rest_route=\/wp\/v2\/posts\/18227"}],"collection":[{"href":"https:\/\/obscom.intervozes.org.br\/index.php?rest_route=\/wp\/v2\/posts"}],"about":[{"href":"https:\/\/obscom.intervozes.org.br\/index.php?rest_route=\/wp\/v2\/types\/post"}],"author":[{"embeddable":true,"href":"https:\/\/obscom.intervozes.org.br\/index.php?rest_route=\/wp\/v2\/users\/1"}],"replies":[{"embeddable":true,"href":"https:\/\/obscom.intervozes.org.br\/index.php?rest_route=%2Fwp%2Fv2%2Fcomments&post=18227"}],"version-history":[{"count":0,"href":"https:\/\/obscom.intervozes.org.br\/index.php?rest_route=\/wp\/v2\/posts\/18227\/revisions"}],"wp:attachment":[{"href":"https:\/\/obscom.intervozes.org.br\/index.php?rest_route=%2Fwp%2Fv2%2Fmedia&parent=18227"}],"wp:term":[{"taxonomy":"category","embeddable":true,"href":"https:\/\/obscom.intervozes.org.br\/index.php?rest_route=%2Fwp%2Fv2%2Fcategories&post=18227"},{"taxonomy":"post_tag","embeddable":true,"href":"https:\/\/obscom.intervozes.org.br\/index.php?rest_route=%2Fwp%2Fv2%2Ftags&post=18227"}],"curies":[{"name":"wp","href":"https:\/\/api.w.org\/{rel}","templated":true}]}}