{"id":18226,"date":"2007-04-20T12:16:45","date_gmt":"2007-04-20T12:16:45","guid":{"rendered":"https:\/\/obscom.intervozes.org.br\/wordpress\/?p=18226"},"modified":"2007-04-20T12:16:45","modified_gmt":"2007-04-20T12:16:45","slug":"doacoes-de-pessoas-fisicas-para-cultura-batem-recorde","status":"publish","type":"post","link":"https:\/\/obscom.intervozes.org.br\/?p=18226","title":{"rendered":"Doa\u00e7\u00f5es de pessoas f\u00edsicas para cultura batem recorde"},"content":{"rendered":"<p>Bras&iacute;lia &#8211; O projeto de incentivo &agrave; cultura por pessoas f&iacute;sicas do Brasil, &ldquo;Eu Fa&ccedil;o Cultura&rdquo;, foi anunciado&nbsp;ontem (19) em Bras&iacute;lia. A id&eacute;ia mobilizou mais de oito mil funcion&aacute;rios da Caixa Econ&ocirc;mica Federal (CEF). As doa&ccedil;&otilde;es, feitas com incentivo fiscal pela Lei Rouanet, somam R$ 2,7 milh&otilde;es, que v&atilde;o viabilizar semanas culturais em trinta cidades, com eventos de m&uacute;sicas popular e instrumental, literatura e fotografia.<\/p>\n<p>&quot;A cultura &eacute; relevante para a vida deles, por isso resolvem destinar recursos do seu pr&oacute;prio bolso, muitas vezes pequenos sal&aacute;rios, das suas poucas economias para a cultura&rdquo;, comemora o ministro da Cultura, Gilberto Gil.<\/p>\n<p>A Lei Rouanet, at&eacute; o ano passado, vinha sendo utilizada basicamente por empresas (pessoas jur&iacute;dicas). O projeto contempla a mudan&ccedil;a de foco na utiliza&ccedil;&atilde;o da lei, que quer agregar doa&ccedil;&otilde;es de pessoas f&iacute;sicas. O Movimento Cultural do Pessoal da Caixa quadruplicou o n&uacute;mero de destina&ccedil;&otilde;es, passando para 11.700 o n&uacute;mero de pessoas f&iacute;sicas patrocinadoras de projetos culturais. Os funcion&aacute;rios da Caixa representam 70% dessas doa&ccedil;&otilde;es.<\/p>\n<p>Gil lembra que a participa&ccedil;&atilde;o da pessoa f&iacute;sica pode ajudar a viabilizar pequenos projetos, que normalmente n&atilde;o atraem as empresas por terem pequena visibilidade. &ldquo;Podem designar recursos para projetos que est&atilde;o ali, no seu entorno, na sua periferia, nos seus bairros e cidades&rdquo;.<\/p>\n<p>O ministro reconhece, no entanto, que ainda &eacute; preciso aperfei&ccedil;oar a Lei para garantir a contra-partida social dos projetos. No ano passado, a vinda do canadense Circo du Soleil custou R$ 9 milh&otilde;es aos cofres p&uacute;blicos por meio da isen&ccedil;&atilde;o de impostos do patrocinador. Como os ingressos mais baratos n&atilde;o custavam menos de R$ 100, o dinheiro p&uacute;blico foi gasto com uma pequena parcela da popula&ccedil;&atilde;o que p&ocirc;de ver o espet&aacute;culo.<\/p>\n<p>&ldquo;&Eacute; preciso aperfei&ccedil;oar a lei para que garanta controles sociais porque os recursos poderiam ser gastos com outros projetos sociais, que s&atilde;o a responsabilidade do governo&rdquo;. Ele ressalta que o Minist&eacute;rio est&aacute; &ldquo;propondo uma revis&atilde;o da lei, mas &eacute; preciso que o Congresso se incuba disso&rdquo;.<\/p>\n<p>A programa&ccedil;&atilde;o das semanas culturais j&aacute; est&aacute; fechada, mas a inten&ccedil;&atilde;o &eacute; de que, no futuro, artistas locais possam se inscrever. &ldquo;Este &eacute; o primeiro programa. A pauta j&aacute; est&aacute; estabelecida. Vamos aprimorar nos pr&oacute;ximos anos&rdquo;, promete a presidente da Caixa, Maria Fernanda. Para a participa&ccedil;&atilde;o da sociedade, ser&atilde;o feitas v&aacute;rias oficinas, como a de fotografia.<\/p>\n<p>Para aumentar o acesso da popula&ccedil;&atilde;o &agrave; eventos culturais, o Minist&eacute;rio lan&ccedil;ou em janeiro o projeto &iacute;quete Cultura, que aguarda san&ccedil;&atilde;o presidencial. Se aprovado, vai funcionar como o T&iacute;quete Alimenta&ccedil;&atilde;o, em que o cidad&atilde;o escolhe onde vai comer. No caso da cultura, que obras ir&aacute; assistir ou livros que quer comprar.<\/p>\n<p>A primeira semana cultural come&ccedil;a hoje (19) na cidade de Bel&eacute;m. A iniciativa do projeto Eu Fa&ccedil;o Cultura foi da Federa&ccedil;&atilde;o Nacional das Associa&ccedil;&otilde;es do Pessoal da Caixa (Fenai) e da Associa&ccedil;&atilde;o de Pessoal da Caixa Econ&ocirc;mica Federal (Apcefs). O trabalho foi de &ldquo;forminha. A gente pedia carona nas reuni&otilde;es de trabalho que a Caixa fazia. A cada convencimento que faz&iacute;amos, o pessoal se entusiasmava e ajudava na reprodu&ccedil;&atilde;o&rdquo;, conta o presidente da Fenai, Jos&eacute; Carlos Alonso.<\/p>\n<p>O resultado surpreendeu at&eacute; mesmo os organizadores. &ldquo;Nem os mais otimistas imaginavam esse volume. As nossas espectativas eram muito menor&rdquo;. Para viabilizar as doa&ccedil;&otilde;es, que ser&atilde;o descontadas apenas no Imposto de Renda de 2008, a Fenai &ldquo;antecipou os recursos&rdquo;, afirma o presidente.<\/p>\n<p>Por meio da Lei Rouanet, as empresas podem investir at&eacute; 4% do que pagariam em impostos e, a pessoa f&iacute;sica, 6%. Nos &uacute;ltimos anos, o or&ccedil;amento do Minist&eacute;rio da Cultura passou de 0,2% para 0,6% dos recursos da Uni&atilde;o. &ldquo;Vou reivindicar ao presidente Lula 0,8%, na semana que vem&rdquo;, adianta Gilberto Gil. O m&iacute;nimo recomendado pela Organiza&ccedil;&atilde;o das Na&ccedil;&otilde;es Unidas (ONU) &eacute; de 1%.<\/p>\n<p>&nbsp;<\/p>\n<p><img loading=\"lazy\" decoding=\"async\" src=\"images\/stories\/politica_publicacoes\/c_invertido_pq.png\" alt=\"Active Image\" width=\"15\" height=\"15\" \/><\/p>\n","protected":false},"excerpt":{"rendered":"<p>O projeto de incentivo \u00e0 cultura por pessoas f\u00edsicas do Brasil, \u201cEu Fa\u00e7o Cultura\u201d, foi anunciado ontem (19) em Bras\u00edlia. As doa\u00e7\u00f5es, feitas com incentivo fiscal pela Lei Rouanet, somam R$ 2,7 milh\u00f5es, que v\u00e3o viabilizar semanas culturais em trinta cidades.<\/p>\n","protected":false},"author":1,"featured_media":0,"comment_status":"open","ping_status":"open","sticky":false,"template":"","format":"standard","meta":{"footnotes":""},"categories":[40],"tags":[60],"_links":{"self":[{"href":"https:\/\/obscom.intervozes.org.br\/index.php?rest_route=\/wp\/v2\/posts\/18226"}],"collection":[{"href":"https:\/\/obscom.intervozes.org.br\/index.php?rest_route=\/wp\/v2\/posts"}],"about":[{"href":"https:\/\/obscom.intervozes.org.br\/index.php?rest_route=\/wp\/v2\/types\/post"}],"author":[{"embeddable":true,"href":"https:\/\/obscom.intervozes.org.br\/index.php?rest_route=\/wp\/v2\/users\/1"}],"replies":[{"embeddable":true,"href":"https:\/\/obscom.intervozes.org.br\/index.php?rest_route=%2Fwp%2Fv2%2Fcomments&post=18226"}],"version-history":[{"count":0,"href":"https:\/\/obscom.intervozes.org.br\/index.php?rest_route=\/wp\/v2\/posts\/18226\/revisions"}],"wp:attachment":[{"href":"https:\/\/obscom.intervozes.org.br\/index.php?rest_route=%2Fwp%2Fv2%2Fmedia&parent=18226"}],"wp:term":[{"taxonomy":"category","embeddable":true,"href":"https:\/\/obscom.intervozes.org.br\/index.php?rest_route=%2Fwp%2Fv2%2Fcategories&post=18226"},{"taxonomy":"post_tag","embeddable":true,"href":"https:\/\/obscom.intervozes.org.br\/index.php?rest_route=%2Fwp%2Fv2%2Ftags&post=18226"}],"curies":[{"name":"wp","href":"https:\/\/api.w.org\/{rel}","templated":true}]}}