{"id":18225,"date":"2007-04-20T12:06:57","date_gmt":"2007-04-20T12:06:57","guid":{"rendered":"https:\/\/obscom.intervozes.org.br\/wordpress\/?p=18225"},"modified":"2007-04-20T12:06:57","modified_gmt":"2007-04-20T12:06:57","slug":"tst-diz-que-jornalista-nao-deve-ganhar-por-republicacao-de-reportagens","status":"publish","type":"post","link":"https:\/\/obscom.intervozes.org.br\/?p=18225","title":{"rendered":"TST diz que jornalista n\u00e3o deve ganhar por republica\u00e7\u00e3o de reportagens"},"content":{"rendered":"<p>Jornalista que trabalha em ag&ecirc;ncia de not&iacute;cias n&atilde;o deve receber adicional pela reutiliza&ccedil;&atilde;o e republica&ccedil;&atilde;o de suas reportagens. O entendimento &eacute; da 2&ordf; Turma do Tribunal Superior do Trabalho. Os ministros mantiveram decis&atilde;o da Justi&ccedil;a do Trabalho do Rio Grande do Sul e negaram pedido de um ex-empregado da Ag&ecirc;ncia Folha de Not&iacute;cias, que tentava suspender a decis&atilde;o. <\/p>\n<p>O jornalista trabalhou para a Ag&ecirc;ncia Folha, que fica em S&atilde;o Paulo, de fevereiro de 1987 a agosto de 2001, como rep&oacute;rter em Porto Alegre. Ao se desligar da empresa, ajuizou reclama&ccedil;&atilde;o trabalhista. Solicitou verbas como horas extras, adicional noturno e de sobreaviso e, ainda, indeniza&ccedil;&atilde;o por danos morais e materiais. <\/p>\n<p>Alegou que a ag&ecirc;ncia cedia diariamente suas reportagens a outros &oacute;rg&atilde;os sem que ele recebesse por isso. Al&eacute;m disso, apontou viola&ccedil;&atilde;o aos direitos patrimoniais e morais porque as republica&ccedil;&otilde;es ocorriam com cortes, altera&ccedil;&otilde;es e sem identifica&ccedil;&atilde;o de autoria. <\/p>\n<p>Para se defender, a ag&ecirc;ncia sustentou que a reutiliza&ccedil;&atilde;o de mat&eacute;rias era da ess&ecirc;ncia do contrato de trabalho, j&aacute; que uma ag&ecirc;ncia de not&iacute;cias tem como objeto social a coleta, reda&ccedil;&atilde;o, venda, loca&ccedil;&atilde;o, fornecimento, agenciamento, distribui&ccedil;&atilde;o, cess&atilde;o e transmiss&atilde;o de not&iacute;cias, reportagens, coment&aacute;rios, textos e mat&eacute;rias em geral. <\/p>\n<p>Esclareceu, tamb&eacute;m, que nas republica&ccedil;&otilde;es de mat&eacute;rias, &eacute; comum a imprensa citar o nome da ag&ecirc;ncia e n&atilde;o do jornalista que escreveu. &#39;Trata-se de not&iacute;cia, e n&atilde;o de obra liter&aacute;ria, art&iacute;stica ou cient&iacute;fica.&#39; <\/p>\n<p>O pedido do jornalista foi negado nas duas inst&acirc;ncias anteriores. Os ju&iacute;zes observaram que o contrato de trabalho continha expressa autoriza&ccedil;&atilde;o para a utiliza&ccedil;&atilde;o do material produzido pelo jornalista, inclusive a cess&atilde;o aterceiros, e a previs&atilde;o de que essa transfer&ecirc;ncia de material n&atilde;o gerava direitos ao empregado. <\/p>\n<p>Por esse motivo, o jornalista entrou com recurso no TST. O relator, juiz convocado Josenildo dos Santos Carvalho, citou trechos da decis&atilde;o do TRT ga&uacute;cho que destacavam que o artigo 46 daLei 9.610\/98 menciona que &#39;a reprodu&ccedil;&atilde;o na imprensa di&aacute;ria ou peri&oacute;dica de not&iacute;cia ou de artigo informativo, publicado em di&aacute;rios ou peri&oacute;dicos, com a men&ccedil;&atilde;o do nome do autor, se assinados, e da publica&ccedil;&atilde;o de onde foram transcritos n&atilde;o constitui ofensa aos direitos autorais&#39;. <\/p>\n<p>Assim, o juiz Josenildo Carvalho concluiu que decis&atilde;o em sentido contr&aacute;rio exigiria uma nova verifica&ccedil;&atilde;o dos termos do contrato entre o jornalista e a ag&ecirc;ncia e das mat&eacute;rias reproduzidas, a fim de avaliar a exist&ecirc;ncia ou n&atilde;o da alegada &#39;desfigura&ccedil;&atilde;o&#39; capaz de comprometer sua integridadejornal&iacute;stica. Tal procedimento &mdash; o reexame de fatos e provas &mdash; &eacute; vedado pela S&uacute;mula 126 do TST, explicou o ministro ao negar o recurso.<\/p>\n<p><img loading=\"lazy\" decoding=\"async\" src=\"images\/stories\/politica_publicacoes\/c_normal_pq.png\" alt=\"Active Image\" width=\"15\" height=\"15\" \/><\/p>\n","protected":false},"excerpt":{"rendered":"<p>Jornalista que trabalha em ag\u00eancia de not\u00edcias n\u00e3o deve receber adicional pela reutiliza\u00e7\u00e3o e republica\u00e7\u00e3o de suas reportagens. O entendimento \u00e9 da 2\u00aa Turma do Tribunal Superior do Trabalho. Os ministros mantiveram decis\u00e3o da Justi\u00e7a do Trabalho do Rio Grande do Sul.<\/p>\n","protected":false},"author":1,"featured_media":0,"comment_status":"open","ping_status":"open","sticky":false,"template":"","format":"standard","meta":{"footnotes":""},"categories":[40],"tags":[182],"_links":{"self":[{"href":"https:\/\/obscom.intervozes.org.br\/index.php?rest_route=\/wp\/v2\/posts\/18225"}],"collection":[{"href":"https:\/\/obscom.intervozes.org.br\/index.php?rest_route=\/wp\/v2\/posts"}],"about":[{"href":"https:\/\/obscom.intervozes.org.br\/index.php?rest_route=\/wp\/v2\/types\/post"}],"author":[{"embeddable":true,"href":"https:\/\/obscom.intervozes.org.br\/index.php?rest_route=\/wp\/v2\/users\/1"}],"replies":[{"embeddable":true,"href":"https:\/\/obscom.intervozes.org.br\/index.php?rest_route=%2Fwp%2Fv2%2Fcomments&post=18225"}],"version-history":[{"count":0,"href":"https:\/\/obscom.intervozes.org.br\/index.php?rest_route=\/wp\/v2\/posts\/18225\/revisions"}],"wp:attachment":[{"href":"https:\/\/obscom.intervozes.org.br\/index.php?rest_route=%2Fwp%2Fv2%2Fmedia&parent=18225"}],"wp:term":[{"taxonomy":"category","embeddable":true,"href":"https:\/\/obscom.intervozes.org.br\/index.php?rest_route=%2Fwp%2Fv2%2Fcategories&post=18225"},{"taxonomy":"post_tag","embeddable":true,"href":"https:\/\/obscom.intervozes.org.br\/index.php?rest_route=%2Fwp%2Fv2%2Ftags&post=18225"}],"curies":[{"name":"wp","href":"https:\/\/api.w.org\/{rel}","templated":true}]}}