{"id":18217,"date":"2007-04-19T12:03:57","date_gmt":"2007-04-19T12:03:57","guid":{"rendered":"https:\/\/obscom.intervozes.org.br\/wordpress\/?p=18217"},"modified":"2007-04-19T12:03:57","modified_gmt":"2007-04-19T12:03:57","slug":"novos-modelos-de-negocio-transformam-industria-cultural-tradicional","status":"publish","type":"post","link":"https:\/\/obscom.intervozes.org.br\/?p=18217","title":{"rendered":"Novos modelos de neg\u00f3cio transformam ind\u00fastria cultural tradicional"},"content":{"rendered":"<p>PORTO ALEGRE &#8211; Novos modelos de neg&oacute;cios do mais valioso bem de nossos tempos, a informa&ccedil;&atilde;o, o conhecimento, podem estar apontando o fim dos dias de uma tradicional ind&uacute;stria cultural apegada &agrave; prote&ccedil;&atilde;o da propriedade intelectual. Isso porque a produ&ccedil;&atilde;o cultural deve ser baseada em tr&ecirc;s fundamentos b&aacute;sicos: acesso; interatividade e colabora&ccedil;&atilde;o. Os modelos industriais tradicionais, no entanto, s&atilde;o claramente restritivos no acesso, unit&aacute;rios na interatividade e a colabora&ccedil;&atilde;o inexiste.<\/p>\n<p>A Lei do Direito Autoral (9610\/98 &ndash; leia aqui) que rege este mesmo modelo &eacute; leg&iacute;tima. Mas pode ser considerada abusiva a forma como est&aacute; sendo empregada nos dias de hoje: restringindo o acesso ao conhecimento, segundo Carlos Affonso Pereira de Souza, coordenador adjunto do Centro de Tecnologia e Sociedade da FGV (RJ), que participou do Festival Criei, Tive Como!, dentro da programa&ccedil;&atilde;o do 8&ordm; F&oacute;rum Internacional de Software Livre (fisl8.0 &ndash; Saiba mais).<\/p>\n<p>Para compreender o abuso, &eacute; preciso primeiro ter claro o conceito da comunica&ccedil;&atilde;o como um direito humano essencial e interdependente dos outros direitos, conforme explica Rodrigo Savazoni, editor-chefe da Ag&ecirc;ncia Brasil, que desenvolveu amplo projeto de implanta&ccedil;&atilde;o de software livre na ag&ecirc;ncia de not&iacute;cias do governo federal.<\/p>\n<p>Para fazer essa rela&ccedil;&atilde;o, &eacute; preciso, ainda, compreender o prop&oacute;sito de um direito propriet&aacute;rio. Em 1909, na Fran&ccedil;a, um cidad&atilde;o que morava ao lado de um campo de pouso de zepelins, muito incomodado com aquelas aeronaves que sobrevoavam sua resid&ecirc;ncia, decidiu construir uma enorme grade em volta de sua propriedade com extremidades altas e pontiagudas. Ap&oacute;s aquela medida danificar in&uacute;meros bal&otilde;es, o dono da pista de pouso resolveu abrir um processo contra o uso abusivo da propriedade que interferia nos direitos dele. Pela primeira vez na Hist&oacute;ria, foi registrado um caso do tipo. E, segundo Carlos Affonso, essa rela&ccedil;&atilde;o deve ser feita tamb&eacute;m com o conhecimento, com a cultura. &ldquo;Qual &eacute; a fun&ccedil;&atilde;o do direito autoral? &Eacute; incentivar a progress&atilde;o da produ&ccedil;&atilde;o cultural. O uso desse direito &eacute; claramente abusivo&rdquo;.<\/p>\n<p>&ldquo;Os grandes conglomerados da comunica&ccedil;&atilde;o precisam manter seus conte&uacute;dos privados. &Eacute; a op&ccedil;&atilde;o ideol&oacute;gica deles para se perpetuarem. Por isso, precisamos nos apropriar das ferramentas livres da comunica&ccedil;&atilde;o e da informa&ccedil;&atilde;o&rdquo;, pontua Savazoni.<\/p>\n<p>O pesquisador da Funda&ccedil;&atilde;o Get&uacute;lio Vargas lembra de uma palestra que concedeu a um grupo de ju&iacute;zes, quando perguntou quem ali j&aacute; havia baixado uma m&uacute;sica via Napster ou via outro sistema &ldquo;n&atilde;o legal&rdquo;. Mais da metade da sala manifestou-se. &ldquo;Isso porque se tratava de um grupo de magistrados, homens da lei. Imagine o cidad&atilde;o comum&rdquo;.<\/p>\n<p>Fora dos meios legais e formais, temos o exemplo da produ&ccedil;&atilde;o tecnobrega em Bel&eacute;m do Par&aacute;, que visa encontrar novos modelos de neg&oacute;cios onde a tradicional ind&uacute;stria cultural j&aacute; n&atilde;o corresponde &agrave;s demandas (Leia mais). Isso gera o que Carlos Affonso chama de &ldquo;revolta dos fatos contra a lei&rdquo;. <\/p>\n<p>Para Ronaldo Lemos, coordenador do Creative Commons no Brasil (<a href=\"http:\/\/www.creativecommons.org.br\/\">http:\/\/www.creativecommons.org.br\/<\/a>), o momento &eacute; mais do que necess&aacute;rio para se discutir a fun&ccedil;&atilde;o da propriedade intelectual. &ldquo;Pela primeira vez na Hist&oacute;ria, a ind&uacute;stria cultural encontra um grande competidor. E quem compete com a ind&uacute;stria hoje &eacute; a pr&oacute;pria sociedade, com o que eles chamam de pirataria, com o software livre, produ&ccedil;&atilde;o colaborativa. Isso &eacute; cultura livre&rdquo;<\/p>\n<p>&ldquo;Precisamos repensar todo o nosso ordenamento jur&iacute;dico para nos adaptarmos a essa nova realidade&rdquo;, acredita Carlos Affonso. Mais do que isso, para transformar esses novos modelos de produ&ccedil;&atilde;o alternativos no que pode vir a ser o futuro da tradi&ccedil;&atilde;o de neg&oacute;cios da cultura, &ldquo;devemos tirar essa discuss&atilde;o do campo da ilegalidade e da informalidade para prestar aten&ccedil;&atilde;o no fen&ocirc;meno de inova&ccedil;&atilde;o&rdquo;, conclui Lemos.<\/p>\n<p><a href=\"http:\/\/agenciacartamaior.uol.com.br\/templates\/materiaMostrar.cfm?materia_id=13884\">A mat&eacute;ria original est&aacute; dispon&iacute;vel clicando aqui.<\/a><\/p>\n<p>&nbsp;<\/p>\n<p><img loading=\"lazy\" decoding=\"async\" src=\"images\/stories\/politica_publicacoes\/c_invertido_pq.png\" alt=\"Active Image\" width=\"15\" height=\"15\" \/><\/p>\n","protected":false},"excerpt":{"rendered":"<p>Os novos modelos de neg\u00f3cios do mais valioso bem de nossos tempos, a informa\u00e7\u00e3o, o conhecimento, podem apontar o fim dos dias de uma tradicional ind\u00fastria cultural, apegada \u00e0 prote\u00e7\u00e3o da propriedade intelectual.<\/p>\n","protected":false},"author":1,"featured_media":0,"comment_status":"open","ping_status":"open","sticky":false,"template":"","format":"standard","meta":{"footnotes":""},"categories":[40],"tags":[179],"_links":{"self":[{"href":"https:\/\/obscom.intervozes.org.br\/index.php?rest_route=\/wp\/v2\/posts\/18217"}],"collection":[{"href":"https:\/\/obscom.intervozes.org.br\/index.php?rest_route=\/wp\/v2\/posts"}],"about":[{"href":"https:\/\/obscom.intervozes.org.br\/index.php?rest_route=\/wp\/v2\/types\/post"}],"author":[{"embeddable":true,"href":"https:\/\/obscom.intervozes.org.br\/index.php?rest_route=\/wp\/v2\/users\/1"}],"replies":[{"embeddable":true,"href":"https:\/\/obscom.intervozes.org.br\/index.php?rest_route=%2Fwp%2Fv2%2Fcomments&post=18217"}],"version-history":[{"count":0,"href":"https:\/\/obscom.intervozes.org.br\/index.php?rest_route=\/wp\/v2\/posts\/18217\/revisions"}],"wp:attachment":[{"href":"https:\/\/obscom.intervozes.org.br\/index.php?rest_route=%2Fwp%2Fv2%2Fmedia&parent=18217"}],"wp:term":[{"taxonomy":"category","embeddable":true,"href":"https:\/\/obscom.intervozes.org.br\/index.php?rest_route=%2Fwp%2Fv2%2Fcategories&post=18217"},{"taxonomy":"post_tag","embeddable":true,"href":"https:\/\/obscom.intervozes.org.br\/index.php?rest_route=%2Fwp%2Fv2%2Ftags&post=18217"}],"curies":[{"name":"wp","href":"https:\/\/api.w.org\/{rel}","templated":true}]}}