{"id":18214,"date":"2007-04-19T11:26:06","date_gmt":"2007-04-19T11:26:06","guid":{"rendered":"https:\/\/obscom.intervozes.org.br\/wordpress\/?p=18214"},"modified":"2007-04-19T11:26:06","modified_gmt":"2007-04-19T11:26:06","slug":"operadoras-questionam-profusao-de-regras-para-radiacao-de-telefonia-celular","status":"publish","type":"post","link":"https:\/\/obscom.intervozes.org.br\/?p=18214","title":{"rendered":"Operadoras questionam &#8216;profus\u00e3o de regras&#8217; para radia\u00e7\u00e3o de telefonia celular"},"content":{"rendered":"<p>Bras&iacute;lia &#8211; O presidente da Associa&ccedil;&atilde;o Nacional das Operadoras Celulares (Acel), &Eacute;rcio Zilli, criticou hoje (18) a &quot;profus&atilde;o de regras&quot; sobre os limites m&aacute;ximos de radia&ccedil;&atilde;o eletromagn&eacute;tica das torres ou antenas de operadoras de telefonia celular. Em semin&aacute;rio hoje (18) na C&acirc;mara dos Deputados, ele disse que o problema, em muitos casos, inviabiliza o trabalho e desempenho das operadoras.<\/p>\n<p>Segundo Zilli, al&eacute;m da legisla&ccedil;&atilde;o federal sobre o assunto, existem 174 procedimentos diferentes, por meio de leis em seis estados, no Distrito Federal e em 141 munic&iacute;pios com os mais diversos limites de radia&ccedil;&atilde;o permitidos, dist&acirc;ncia das torres e at&eacute; mesmo altura padr&atilde;o delas.<\/p>\n<p>Para exemplificar esses limites de radia&ccedil;&atilde;o permitidos por munic&iacute;pios, &Eacute;rcio Zilli disse que a legisla&ccedil;&atilde;o criada pelo munic&iacute;pio de Crici&uacute;ma (SC), e seguido por outros munic&iacute;pios catarinenses, determina que o limite estabelecido pela Ag&ecirc;ncia Nacional de Telecomunica&ccedil;&otilde;es (Anatel), que j&aacute; &eacute; 50 vezes menor do que a m&eacute;dia internacional, seja quase cem mil vezes menor naquele munic&iacute;pio. Isso, segundo Zilli, inviabiliza o trabalho das operadoras, al&eacute;m de desacredit&aacute;-las perante a opini&atilde;o p&uacute;blica.<\/p>\n<p>As afirma&ccedil;&otilde;es de &Eacute;rcio Zilli foram feitas durante o Semin&aacute;rio Internacional sobre Efeitos da Radia&ccedil;&atilde;o Eletromagn&eacute;tica sobre a Sa&uacute;de e o Meio Ambiente, promovido pelas Comiss&otilde;es de Ci&ecirc;ncia e Tecnologia, Comunica&ccedil;&otilde;es e Inform&aacute;tica (CCTCI) e de Minas e Energia (CME) da C&acirc;mara dos Deputados. O tema era a discuss&atilde;o do Projeto de Lei 2.576 de 2000, do deputado Fernando Gabeira (PT-RJ), que procura limitar as ondas de radia&ccedil;&atilde;o eletromagn&eacute;tica das torres de celulares e proibir sua instala&ccedil;&atilde;o em locais pr&oacute;ximos a escolas, creches, hospitais, asilos e &aacute;reas de lazer, entre outros.<\/p>\n<p>Para o presidente da CCTCI, deputado J&uacute;lio Semeghini (PSDB-SP), relator do projeto (ao qual foram anexadas outras propostas com objetivos semelhantes), a &uacute;nica conclus&atilde;o poss&iacute;vel do debate &quot;&eacute; que o Brasil precisa, o mais urgentemente poss&iacute;vel, de uma legisla&ccedil;&atilde;o federal limitando os n&iacute;veis de emiss&atilde;o de ondas de radia&ccedil;&atilde;o eletromagn&eacute;tica, juntamente com as normas, os limites, as responsabilidades, quem far&aacute; o controle, de modo que a popula&ccedil;&atilde;o possa ter informa&ccedil;&otilde;es claras e seguras&quot;.<\/p>\n<p>Como conclus&atilde;o do semin&aacute;rio, segundo J&uacute;lio Semeghini, sair&aacute; um documento com o posicionamento das duas comiss&otilde;es t&eacute;cnicas da C&acirc;mara, que vai servir para que todos os deputados possam se orientar como votar adequadamente o projeto original, bem como o pr&oacute;prio relator, que apresentar&aacute; parecer perante a CCTCI, possivelmente por meio de um substitutivo, acolhendo sugest&otilde;es dos v&aacute;rios projetos anexados &agrave; proposta original de Gabeira. <\/p>\n<p>&nbsp;<\/p>\n<p><img loading=\"lazy\" decoding=\"async\" src=\"images\/stories\/politica_publicacoes\/c_invertido_pq.png\" alt=\"Active Image\" width=\"15\" height=\"15\" \/><\/p>\n","protected":false},"excerpt":{"rendered":"<p>Bras&iacute;lia &#8211; O presidente da Associa&ccedil;&atilde;o Nacional das Operadoras Celulares (Acel), &Eacute;rcio Zilli, criticou hoje (18) a &quot;profus&atilde;o de regras&quot; sobre os limites m&aacute;ximos de radia&ccedil;&atilde;o eletromagn&eacute;tica das torres ou antenas de operadoras de telefonia celular. Em semin&aacute;rio hoje (18) na C&acirc;mara dos Deputados, ele disse que o problema, em muitos casos, inviabiliza o trabalho &hellip; <a href=\"https:\/\/obscom.intervozes.org.br\/?p=18214\" class=\"more-link\">Continue lendo <span class=\"screen-reader-text\">Operadoras questionam &#8216;profus\u00e3o de regras&#8217; para radia\u00e7\u00e3o de telefonia celular<\/span> <span class=\"meta-nav\">&rarr;<\/span><\/a><\/p>\n","protected":false},"author":1,"featured_media":0,"comment_status":"open","ping_status":"open","sticky":false,"template":"","format":"standard","meta":{"footnotes":""},"categories":[40],"tags":[60],"_links":{"self":[{"href":"https:\/\/obscom.intervozes.org.br\/index.php?rest_route=\/wp\/v2\/posts\/18214"}],"collection":[{"href":"https:\/\/obscom.intervozes.org.br\/index.php?rest_route=\/wp\/v2\/posts"}],"about":[{"href":"https:\/\/obscom.intervozes.org.br\/index.php?rest_route=\/wp\/v2\/types\/post"}],"author":[{"embeddable":true,"href":"https:\/\/obscom.intervozes.org.br\/index.php?rest_route=\/wp\/v2\/users\/1"}],"replies":[{"embeddable":true,"href":"https:\/\/obscom.intervozes.org.br\/index.php?rest_route=%2Fwp%2Fv2%2Fcomments&post=18214"}],"version-history":[{"count":0,"href":"https:\/\/obscom.intervozes.org.br\/index.php?rest_route=\/wp\/v2\/posts\/18214\/revisions"}],"wp:attachment":[{"href":"https:\/\/obscom.intervozes.org.br\/index.php?rest_route=%2Fwp%2Fv2%2Fmedia&parent=18214"}],"wp:term":[{"taxonomy":"category","embeddable":true,"href":"https:\/\/obscom.intervozes.org.br\/index.php?rest_route=%2Fwp%2Fv2%2Fcategories&post=18214"},{"taxonomy":"post_tag","embeddable":true,"href":"https:\/\/obscom.intervozes.org.br\/index.php?rest_route=%2Fwp%2Fv2%2Ftags&post=18214"}],"curies":[{"name":"wp","href":"https:\/\/api.w.org\/{rel}","templated":true}]}}