{"id":18206,"date":"2007-04-18T12:27:12","date_gmt":"2007-04-18T12:27:12","guid":{"rendered":"https:\/\/obscom.intervozes.org.br\/wordpress\/?p=18206"},"modified":"2007-04-18T12:27:12","modified_gmt":"2007-04-18T12:27:12","slug":"veja-publica-retratacao-a-jornalista-da-istoe-dinheiro","status":"publish","type":"post","link":"https:\/\/obscom.intervozes.org.br\/?p=18206","title":{"rendered":"Veja publica retrata\u00e7\u00e3o \u00e0 jornalista da Isto\u00c9 Dinheiro"},"content":{"rendered":"<p>A revista Veja publicou, na edi&ccedil;&atilde;o desta semana, uma retrata&ccedil;&atilde;o ao jornalista Leonardo Attuch, editor das revistas Isto&Eacute; Dinheiro e Dinheiro Rural . A Veja foi condenada, em 24 de janeiro, a pagar indeniza&ccedil;&atilde;o de R$ 17,5 mil por danos morais para o jornalista. <\/p>\n<p>Attuch acusou a Veja de ter publicado, no dia 22 de fevereiro do ano passado, texto afirmando que o jornalista era &#39;negociante de not&iacute;cias&#39;, &#39;pessoa fraudulenta&#39;, &#39;autor de um livro indecoroso&#39; e &#39;quadrilheiro&#39;. Tudo come&ccedil;ou quando a revista publicou o texto O mais vendido . Nele, era dito que o &#39;negociante de not&iacute;cias Leonardo Attuch&#39; estava envolvido &#39;em uma nova fraude&#39;. &Eacute; que seu livro, A CPI que abalou o Brasil , tinha aparecido na lista de mais vendidos equivocadamente. <\/p>\n<p>Rep&oacute;rteres da revista Veja descobriram que a livraria Siciliano, dona do selo Futura, que publicou o livro, forneceu &agrave; imprensa n&uacute;meros equivocados sobre a venda dos livros. Em vez de 452 exemplares em uma semana, tinham sido vendidos apenas 38. A explica&ccedil;&atilde;o foi de erro no cadastro. <\/p>\n<p>Leonardo Attuch n&atilde;o gostou dos adjetivos usados no texto e entrou com a a&ccedil;&atilde;o de indeniza&ccedil;&atilde;o por danos morais. Na nota de retrata&ccedil;&atilde;o publicada esta semana, a revista afirma que Attuch n&atilde;o teve qualquer liga&ccedil;&atilde;o com a altera&ccedil;&atilde;o do n&uacute;mero de venda de exemplares de seus livros. Al&eacute;m disso, a revista, que j&aacute; relacionou o nome do jornalista com o caso Kroll, ressaltou que Attuch jamais foi denunciado ou indiciado. <\/p>\n<p><u>Veja a nota de Veja<\/u> <\/p>\n<p>Veja publicou em sua edi&ccedil;&atilde;o de n&uacute;mero 1.944, com data de 22 de fevereiro de 2006, um texto intitulado &lsquo;O mais vendido&rsquo;, no qual consta a informa&ccedil;&atilde;o de que o jornalista Leonardo Attuch, editora das revistas Isto&Eacute; Dinheiro e Dinheiro Rural , estaria devendo satisfa&ccedil;&otilde;es &agrave;s autoridadespoliciais. Em um epis&oacute;dio pret&eacute;rito, a respeito do &lsquo;caso Kroll&rsquo;, o nome do jornalista foi citado como autor de determinadas reportagens, mas ele jamais foi denunciados ou indiciado pelas autoridades que investigaram tal assunto. <\/p>\n<p>O livro publicado por ele, intitulado A CPI que Abalouo Brasil , editado pelo selo Futura, do grupo Siciliano, teve seu volume de vendas alterado, o que mereceu sua exclus&atilde;o da lista de &lsquo;Mais Vendidos&rsquo; da revista Veja . O relato da Siciliano exime o jornalista Leonardo Attuch do epis&oacute;dio. O jornalista tamb&eacute;m jamais foi indiciado pela Pol&iacute;cia Federal ou por qualquer outra autoridade policial pela pr&aacute;tica de qualquer tipo de delito. <\/p>\n<p>&nbsp;<\/p>\n<p><img loading=\"lazy\" decoding=\"async\" src=\"images\/stories\/politica_publicacoes\/c_normal.png\" alt=\"Active Image\" width=\"15\" height=\"15\" \/><\/p>\n","protected":false},"excerpt":{"rendered":"<p>A revista Veja publicou, na edi&ccedil;&atilde;o desta semana, uma retrata&ccedil;&atilde;o ao jornalista Leonardo Attuch, editor das revistas Isto&Eacute; Dinheiro e Dinheiro Rural . A Veja foi condenada, em 24 de janeiro, a pagar indeniza&ccedil;&atilde;o de R$ 17,5 mil por danos morais para o jornalista. Attuch acusou a Veja de ter publicado, no dia 22 de &hellip; <a href=\"https:\/\/obscom.intervozes.org.br\/?p=18206\" class=\"more-link\">Continue lendo <span class=\"screen-reader-text\">Veja publica retrata\u00e7\u00e3o \u00e0 jornalista da Isto\u00c9 Dinheiro<\/span> <span class=\"meta-nav\">&rarr;<\/span><\/a><\/p>\n","protected":false},"author":1,"featured_media":0,"comment_status":"open","ping_status":"open","sticky":false,"template":"","format":"standard","meta":{"footnotes":""},"categories":[40],"tags":[66],"_links":{"self":[{"href":"https:\/\/obscom.intervozes.org.br\/index.php?rest_route=\/wp\/v2\/posts\/18206"}],"collection":[{"href":"https:\/\/obscom.intervozes.org.br\/index.php?rest_route=\/wp\/v2\/posts"}],"about":[{"href":"https:\/\/obscom.intervozes.org.br\/index.php?rest_route=\/wp\/v2\/types\/post"}],"author":[{"embeddable":true,"href":"https:\/\/obscom.intervozes.org.br\/index.php?rest_route=\/wp\/v2\/users\/1"}],"replies":[{"embeddable":true,"href":"https:\/\/obscom.intervozes.org.br\/index.php?rest_route=%2Fwp%2Fv2%2Fcomments&post=18206"}],"version-history":[{"count":0,"href":"https:\/\/obscom.intervozes.org.br\/index.php?rest_route=\/wp\/v2\/posts\/18206\/revisions"}],"wp:attachment":[{"href":"https:\/\/obscom.intervozes.org.br\/index.php?rest_route=%2Fwp%2Fv2%2Fmedia&parent=18206"}],"wp:term":[{"taxonomy":"category","embeddable":true,"href":"https:\/\/obscom.intervozes.org.br\/index.php?rest_route=%2Fwp%2Fv2%2Fcategories&post=18206"},{"taxonomy":"post_tag","embeddable":true,"href":"https:\/\/obscom.intervozes.org.br\/index.php?rest_route=%2Fwp%2Fv2%2Ftags&post=18206"}],"curies":[{"name":"wp","href":"https:\/\/api.w.org\/{rel}","templated":true}]}}