{"id":18197,"date":"2007-04-17T14:57:07","date_gmt":"2007-04-17T14:57:07","guid":{"rendered":"https:\/\/obscom.intervozes.org.br\/wordpress\/?p=18197"},"modified":"2007-04-17T14:57:07","modified_gmt":"2007-04-17T14:57:07","slug":"lider-do-mst-nao-vai-receber-indenizacao-da-veja","status":"publish","type":"post","link":"https:\/\/obscom.intervozes.org.br\/?p=18197","title":{"rendered":"L\u00edder do MST n\u00e3o vai receber indeniza\u00e7\u00e3o da Veja"},"content":{"rendered":"<p>O l&iacute;der do Movimento dos Trabalhadores Rurais Sem-Terra, Jo&atilde;o Pedro St&eacute;dile, vai ficar sem indeniza&ccedil;&atilde;o da revista Veja . Ele pretendia ser indenizado por conta de uma reportagem da revista em que St&eacute;dile era comparado a James Bond, personagem que tem autoriza&ccedil;&atilde;o do governo ingl&ecirc;s para cometer crimes sem ser punido. <\/p>\n<p>O Superior Tribunal de Justi&ccedil;a negou recurso de St&eacute;dile. Ele contestava decis&atilde;o do Tribunal de Justi&ccedil;a de S&atilde;o Paulo, que j&aacute; havia negado o pedido de indeniza&ccedil;&atilde;o. O recurso foi negado pelo ministro Raphael de Barros Monteiro Filho. <\/p>\n<p>De acordo como processo, a reportagem cita, ainda, uma lista de crimes que poderiam ser atribu&iacute;dos a ele, afirmando que o MST prega a revolu&ccedil;&atilde;o socialista sob o pretexto de reivindicar a reforma agr&aacute;ria. O l&iacute;der do MST foi retratado em fotomontagem com uma pistola em punho. <\/p>\n<p>Na primeira inst&acirc;ncia, o l&iacute;der ganhou a causa. A editora Abril, que publica a Veja , recorreu e ganhou em segunda inst&acirc;ncia. No Tribunal de Justi&ccedil;a de S&atilde;o Paulo, a revista argumentou que s&atilde;o not&oacute;rios os atos criminosos cometidos pelo MST e que a reportagem visava alertar as autoridades p&uacute;blicas, raz&atilde;o pela qual n&atilde;o havia a possibilidade de apresentar provas de crimes que ainda n&atilde;o haviam sido apurados. <\/p>\n<p>Sobre a compara&ccedil;&atilde;o com o personagem James Bond, justificou que o objetivo da montagem era demonstrar que St&eacute;dile agia alheio &agrave;s leis brasileiras, como que &#39;autorizado pela bandeira social que empunha&#39;. <\/p>\n<p>O ju&iacute;zo de primeira inst&acirc;ncia entendeu que &#39;a mat&eacute;ria publicada na revista acompanhada da fotomontagem afirmou que pessoas sob as ordens de St&eacute;dile se sentiam autorizadas a cometer crimes durante a&ccedil;&otilde;es, porque as autoridades se constrangem em aplicar a lei quando oinfrator carrega uma bandeira do MST&#39;. <\/p>\n<p>No Tribunal de Justi&ccedil;a paulista, o entendimento foi o de que, apesar da forma incisiva da reportagem e do aspecto c&ocirc;mico da fotomontagem, n&atilde;o h&aacute; dano pass&iacute;vel de indeniza&ccedil;&atilde;o em raz&atilde;o do interesse p&uacute;blico que a reportagem enfoca. O TJ considerou tamb&eacute;m que toda narrativa deve ser analisada dentro do contexto hist&oacute;rico em que est&aacute; inserida. No momento em que a reportagem foi publicada, havia uma s&eacute;rie de invas&otilde;es e atos de vandalismo cometidos pelos integrantes do MST. <\/p>\n","protected":false},"excerpt":{"rendered":"<p>O l&iacute;der do Movimento dos Trabalhadores Rurais Sem-Terra, Jo&atilde;o Pedro St&eacute;dile, vai ficar sem indeniza&ccedil;&atilde;o da revista Veja . Ele pretendia ser indenizado por conta de uma reportagem da revista em que St&eacute;dile era comparado a James Bond, personagem que tem autoriza&ccedil;&atilde;o do governo ingl&ecirc;s para cometer crimes sem ser punido. O Superior Tribunal de &hellip; <a href=\"https:\/\/obscom.intervozes.org.br\/?p=18197\" class=\"more-link\">Continue lendo <span class=\"screen-reader-text\">L\u00edder do MST n\u00e3o vai receber indeniza\u00e7\u00e3o da Veja<\/span> <span class=\"meta-nav\">&rarr;<\/span><\/a><\/p>\n","protected":false},"author":1,"featured_media":0,"comment_status":"open","ping_status":"open","sticky":false,"template":"","format":"standard","meta":{"footnotes":""},"categories":[40],"tags":[66],"_links":{"self":[{"href":"https:\/\/obscom.intervozes.org.br\/index.php?rest_route=\/wp\/v2\/posts\/18197"}],"collection":[{"href":"https:\/\/obscom.intervozes.org.br\/index.php?rest_route=\/wp\/v2\/posts"}],"about":[{"href":"https:\/\/obscom.intervozes.org.br\/index.php?rest_route=\/wp\/v2\/types\/post"}],"author":[{"embeddable":true,"href":"https:\/\/obscom.intervozes.org.br\/index.php?rest_route=\/wp\/v2\/users\/1"}],"replies":[{"embeddable":true,"href":"https:\/\/obscom.intervozes.org.br\/index.php?rest_route=%2Fwp%2Fv2%2Fcomments&post=18197"}],"version-history":[{"count":0,"href":"https:\/\/obscom.intervozes.org.br\/index.php?rest_route=\/wp\/v2\/posts\/18197\/revisions"}],"wp:attachment":[{"href":"https:\/\/obscom.intervozes.org.br\/index.php?rest_route=%2Fwp%2Fv2%2Fmedia&parent=18197"}],"wp:term":[{"taxonomy":"category","embeddable":true,"href":"https:\/\/obscom.intervozes.org.br\/index.php?rest_route=%2Fwp%2Fv2%2Fcategories&post=18197"},{"taxonomy":"post_tag","embeddable":true,"href":"https:\/\/obscom.intervozes.org.br\/index.php?rest_route=%2Fwp%2Fv2%2Ftags&post=18197"}],"curies":[{"name":"wp","href":"https:\/\/api.w.org\/{rel}","templated":true}]}}