{"id":18194,"date":"2007-04-17T12:35:59","date_gmt":"2007-04-17T12:35:59","guid":{"rendered":"https:\/\/obscom.intervozes.org.br\/wordpress\/?p=18194"},"modified":"2007-04-17T12:35:59","modified_gmt":"2007-04-17T12:35:59","slug":"cade-debatera-convergencia-e-concorrencia","status":"publish","type":"post","link":"https:\/\/obscom.intervozes.org.br\/?p=18194","title":{"rendered":"Cade debater\u00e1 converg\u00eancia e concorr\u00eancia"},"content":{"rendered":"<p><span>Seguindo modelo j&aacute; adotado tanto pelo FCC (&oacute;rg&atilde;o regulador norte-americano) quanto pela Ofcom (do Reino Unido), o Conselho Administrativo de Defesa Econ&ocirc;mica (Cade) decidiu realizar uma experi&ecirc;ncia in&eacute;dita no sistema de defesa da concorr&ecirc;ncia brasileiro: realizar uma s&eacute;rie de audi&ecirc;ncias p&uacute;blicas sobre um tema espec&iacute;fico, mas sem nenhuma vincula&ccedil;&atilde;o com casos concretos. A primeira tentativa foi anunciada nesta segunda-feira, 16, pelo conselheiro Luiz Carlos Prado, encarregado de elaborar a proposta das audi&ecirc;ncias p&uacute;blicas para discuss&atilde;o do tema &quot;Converg&ecirc;ncia tecnol&oacute;gica e seus impactos concorrenciais&quot;. <\/p>\n<p>Ser&atilde;o realizados dez encontros de quatro horas em que ser&atilde;o ouvidos dois representantes de empresas prestadoras de servi&ccedil;os e membros do governo. N&atilde;o h&aacute; um roteiro fixo para os palestrantes, que ter&atilde;o 50 minutos para abordar livremente o tema e em seguida responder os questionamentos dos conselheiros do Cade, do Minist&eacute;rio P&uacute;blico, do representante da SEAE, SDE e Procuradoria do Cade. O conselheiro Prado listou cinco pontos que o Conselho deseja que sejam abordados, a saber:<\/span><span>&nbsp;<\/p>\n<p><\/span><span>* Entendendo a converg&ecirc;ncia tecnol&oacute;gica;<br \/><\/span><span>* Aspectos concorrenciais da converg&ecirc;ncia tecnol&oacute;gica &#8211; benef&iacute;cios e desafios;<br \/><\/span><span>* Regula&ccedil;&atilde;o e fomento &agrave; competi&ccedil;&atilde;o no novo ambiente convergente<br \/><\/span><span>* O papel do Estado no novo ambiente convergente &#8211; como garantir a diversidade de conte&uacute;dos;<br \/><\/span><span>* Utiliza&ccedil;&atilde;o da tecnologia em favor da universaliza&ccedil;&atilde;o da informa&ccedil;&atilde;o; e<br \/><\/span><span>* Mudan&ccedil;as institucionais necess&aacute;rias para garantir a concorr&ecirc;ncia e a difus&atilde;o da informa&ccedil;&atilde;o no novo ambiente convergente.<\/span><span>&nbsp;<\/p>\n<p><\/span><span><strong>Modelo e vantagens<\/strong><\/span><span>&nbsp;<br \/><\/span><span>De acordo com o conselheiro Luiz Carlos Prado, a discuss&atilde;o sobre a converg&ecirc;ncia tecnol&oacute;gica &eacute; urgente, porque em pouco tempo, certamente, o Cade dever&aacute; ser convocado para manifestar-se sobre o tema novo e complexo, como j&aacute; o foi no caso da Telmex\/Net e est&aacute; sendo no caso Telef&ocirc;nica\/ABTA. Segundo Prado, o Conselho demorou para encontrar um modelo de audi&ecirc;ncia p&uacute;blica que pudesse atender os objetivos previstos. &quot;Deixamos de convidar as associa&ccedil;&otilde;es e os consultores. Os primeiros porque a discuss&atilde;o poderia perder parte de suas caracter&iacute;sticas ao n&atilde;o verificar o posicionamento da empresa prestadora de forma individual, e os segundos porque esse pessoal normalmente j&aacute; tem publica&ccedil;&otilde;es sobre o tema que podem ser acessadas pelos conselheiros&quot;, afirma.<\/p>\n<p><\/span><\/p>\n<p style=\"margin: 0cm 0cm 0pt\" class=\"MsoNormal\"><span>Para Prado, ser&aacute; importante ouvir os executivos das empresas discorrerem sobre seus posicionamentos, sem nenhuma vincula&ccedil;&atilde;o com casos concretos. <\/p>\n<p>O primeiro convidado &eacute; o presidente da Telemar, Luiz Eduardo Falco, j&aacute; no pr&oacute;ximo dia 26 de abril. Ainda n&atilde;o foi definida a segunda pessoa que ser&aacute; ouvida neste mesmo dia. <\/p>\n<p>As demais datas j&aacute; marcadas (sempre &agrave;s quintas-feiras das 14 h &agrave;s 18 h s&atilde;o: 10 e 24 de maio; 14 e 28 de junho; 12 e 26 de julho; 9 e 23 de agosto. Ao final das audi&ecirc;ncias, o Cade pretende ter um relat&oacute;rio completo sobre o tema de forma a melhor informar os conselheiros para os embates concretos que dever&atilde;o surgir. <\/p>\n<p>Carlos Eduardo Zanatta &#8211; TELA VIVA News<\/span><\/p>\n<p style=\"margin: 0cm 0cm 0pt\" class=\"MsoNormal\">&nbsp;<\/p>\n<p style=\"margin: 0cm 0cm 0pt\" class=\"MsoNormal\">&nbsp;<\/p>\n<p style=\"margin: 0cm 0cm 0pt\" class=\"MsoNormal\"><span>&nbsp;<img loading=\"lazy\" decoding=\"async\" src=\"images\/stories\/politica_publicacoes\/c_normal_pq.png\" alt=\"Active Image\" width=\"15\" height=\"15\" \/><\/span><\/p>\n<p>&nbsp;<\/p>\n","protected":false},"excerpt":{"rendered":"<p>Seguindo modelo j\u00e1 adotado tanto pelo FCC (\u00f3rg\u00e3o regulador norte-americano) quanto pela Ofcom (do Reino Unido), o Conselho Administrativo de Defesa Econ\u00f4mica (Cade) decidiu realizar uma s\u00e9rie de audi\u00eancias p\u00fablicas.<\/p>\n","protected":false},"author":1,"featured_media":0,"comment_status":"open","ping_status":"open","sticky":false,"template":"","format":"standard","meta":{"footnotes":""},"categories":[40],"tags":[172],"_links":{"self":[{"href":"https:\/\/obscom.intervozes.org.br\/index.php?rest_route=\/wp\/v2\/posts\/18194"}],"collection":[{"href":"https:\/\/obscom.intervozes.org.br\/index.php?rest_route=\/wp\/v2\/posts"}],"about":[{"href":"https:\/\/obscom.intervozes.org.br\/index.php?rest_route=\/wp\/v2\/types\/post"}],"author":[{"embeddable":true,"href":"https:\/\/obscom.intervozes.org.br\/index.php?rest_route=\/wp\/v2\/users\/1"}],"replies":[{"embeddable":true,"href":"https:\/\/obscom.intervozes.org.br\/index.php?rest_route=%2Fwp%2Fv2%2Fcomments&post=18194"}],"version-history":[{"count":0,"href":"https:\/\/obscom.intervozes.org.br\/index.php?rest_route=\/wp\/v2\/posts\/18194\/revisions"}],"wp:attachment":[{"href":"https:\/\/obscom.intervozes.org.br\/index.php?rest_route=%2Fwp%2Fv2%2Fmedia&parent=18194"}],"wp:term":[{"taxonomy":"category","embeddable":true,"href":"https:\/\/obscom.intervozes.org.br\/index.php?rest_route=%2Fwp%2Fv2%2Fcategories&post=18194"},{"taxonomy":"post_tag","embeddable":true,"href":"https:\/\/obscom.intervozes.org.br\/index.php?rest_route=%2Fwp%2Fv2%2Ftags&post=18194"}],"curies":[{"name":"wp","href":"https:\/\/api.w.org\/{rel}","templated":true}]}}