{"id":18193,"date":"2007-04-17T12:30:02","date_gmt":"2007-04-17T12:30:02","guid":{"rendered":"https:\/\/obscom.intervozes.org.br\/wordpress\/?p=18193"},"modified":"2007-04-17T12:30:02","modified_gmt":"2007-04-17T12:30:02","slug":"empresas-criam-nova-associacao-de-combate-a-pirataria","status":"publish","type":"post","link":"https:\/\/obscom.intervozes.org.br\/?p=18193","title":{"rendered":"Empresas criam nova associa\u00e7\u00e3o de &#8220;combate \u00e0 pirataria&#8221;"},"content":{"rendered":"<p><span>Come&ccedil;ou a funcionar&nbsp;uma nova associa&ccedil;&atilde;o de combate &agrave; pirataria, a APCM &ndash; Associa&ccedil;&atilde;o Antipirataria Cinema e M&uacute;sica. A nova associa&ccedil;&atilde;o foi anunciada essa semana em S&atilde;o Paulo e vem substituir as antigas Associa&ccedil;&otilde;es Protetoras dos Direitos Intelectuais, a Apdif (Fonogr&aacute;fico) e Adepi (Audiovisual), respectivamente os bra&ccedil;os operacionais de combate &agrave; falsifica&ccedil;&atilde;o da ind&uacute;stria fonogr&aacute;fica (ABPD) e da ind&uacute;stria de cinema e v&iacute;deo (MPA).<\/span><span>&nbsp;<\/p>\n<p><\/span><span>A nova associa&ccedil;&atilde;o nasceu de um acordo na Am&eacute;rica Latina assinado entre os escrit&oacute;rios regionais da Am&eacute;rica Latina da IFPI (Federa&ccedil;&atilde;o Internacional da Ind&uacute;stria Fonogr&aacute;fica) e da MPA (Motion Picture Association). O objetivo &eacute; &quot;otimizar recursos e aprimorar os esfor&ccedil;os no combate &agrave; pirataria de obras audiovisuais e fonogr&aacute;ficas em todo o territ&oacute;rio nacional&quot;. <\/span><span><\/span>&nbsp;<\/p>\n<p>&nbsp;<img loading=\"lazy\" decoding=\"async\" src=\"images\/stories\/politica_publicacoes\/c_invertido_pq.png\" alt=\"Active Image\" width=\"15\" height=\"15\" \/><\/p>\n<p>&nbsp;<\/p>\n","protected":false},"excerpt":{"rendered":"<p>Come&ccedil;ou a funcionar&nbsp;uma nova associa&ccedil;&atilde;o de combate &agrave; pirataria, a APCM &ndash; Associa&ccedil;&atilde;o Antipirataria Cinema e M&uacute;sica. A nova associa&ccedil;&atilde;o foi anunciada essa semana em S&atilde;o Paulo e vem substituir as antigas Associa&ccedil;&otilde;es Protetoras dos Direitos Intelectuais, a Apdif (Fonogr&aacute;fico) e Adepi (Audiovisual), respectivamente os bra&ccedil;os operacionais de combate &agrave; falsifica&ccedil;&atilde;o da ind&uacute;stria fonogr&aacute;fica (ABPD) &hellip; <a href=\"https:\/\/obscom.intervozes.org.br\/?p=18193\" class=\"more-link\">Continue lendo <span class=\"screen-reader-text\">Empresas criam nova associa\u00e7\u00e3o de &#8220;combate \u00e0 pirataria&#8221;<\/span> <span class=\"meta-nav\">&rarr;<\/span><\/a><\/p>\n","protected":false},"author":1,"featured_media":0,"comment_status":"open","ping_status":"open","sticky":false,"template":"","format":"standard","meta":{"footnotes":""},"categories":[40],"tags":[171],"_links":{"self":[{"href":"https:\/\/obscom.intervozes.org.br\/index.php?rest_route=\/wp\/v2\/posts\/18193"}],"collection":[{"href":"https:\/\/obscom.intervozes.org.br\/index.php?rest_route=\/wp\/v2\/posts"}],"about":[{"href":"https:\/\/obscom.intervozes.org.br\/index.php?rest_route=\/wp\/v2\/types\/post"}],"author":[{"embeddable":true,"href":"https:\/\/obscom.intervozes.org.br\/index.php?rest_route=\/wp\/v2\/users\/1"}],"replies":[{"embeddable":true,"href":"https:\/\/obscom.intervozes.org.br\/index.php?rest_route=%2Fwp%2Fv2%2Fcomments&post=18193"}],"version-history":[{"count":0,"href":"https:\/\/obscom.intervozes.org.br\/index.php?rest_route=\/wp\/v2\/posts\/18193\/revisions"}],"wp:attachment":[{"href":"https:\/\/obscom.intervozes.org.br\/index.php?rest_route=%2Fwp%2Fv2%2Fmedia&parent=18193"}],"wp:term":[{"taxonomy":"category","embeddable":true,"href":"https:\/\/obscom.intervozes.org.br\/index.php?rest_route=%2Fwp%2Fv2%2Fcategories&post=18193"},{"taxonomy":"post_tag","embeddable":true,"href":"https:\/\/obscom.intervozes.org.br\/index.php?rest_route=%2Fwp%2Fv2%2Ftags&post=18193"}],"curies":[{"name":"wp","href":"https:\/\/api.w.org\/{rel}","templated":true}]}}