{"id":18191,"date":"2007-04-16T18:30:34","date_gmt":"2007-04-16T18:30:34","guid":{"rendered":"https:\/\/obscom.intervozes.org.br\/wordpress\/?p=18191"},"modified":"2007-04-16T18:30:34","modified_gmt":"2007-04-16T18:30:34","slug":"seminarios-discutem-politicas-publicas-de-educomunicacao","status":"publish","type":"post","link":"https:\/\/obscom.intervozes.org.br\/?p=18191","title":{"rendered":"Semin\u00e1rios discutem pol\u00edticas p\u00fablicas de Educomunica\u00e7\u00e3o"},"content":{"rendered":"<p>Dois grandes eventos em abril e maio v&atilde;o discutir as diferentes quest&otilde;es ligadas &agrave; educomunica&ccedil;&atilde;o.<\/p>\n<p>Em abril acontece o V Simp&oacute;sio Brasileiro de Educomunica&ccedil;&atilde;o, que refor&ccedil;ar&aacute; o tema da educomunica&ccedil;&atilde;o como objeto de pol&iacute;ticas p&uacute;blicas,&nbsp;promovendo a an&aacute;lise da m&iacute;dia e seu uso no espa&ccedil;o escolar. O&nbsp;Simp&oacute;sio reunir&aacute; membros de secretarias de educa&ccedil;&atilde;o, al&eacute;m de profissionais das institui&ccedil;&otilde;es co-patrocinadoras. Um dos pain&eacute;is ser&aacute; desenvolvido com a participa&ccedil;&atilde;o exclusiva de adolescentes de v&aacute;rios projetos de educomunica&ccedil;&atilde;o.<\/p>\n<p>J&aacute; o Encontro Brasileiro de Educomunica&ccedil;&atilde;o ser&aacute; realizado em maio e&nbsp;ter&aacute; como foco a pr&aacute;tica educomunicativa implementada por institui&ccedil;&otilde;es no Brasil, sejam ve&iacute;culos de comunica&ccedil;&atilde;o, organiza&ccedil;&otilde;es n&atilde;o governamentais ou mesmo o ensino formal. <\/p>\n<p><span><strong><u>Inscri&ccedil;&otilde;es:<\/u><\/strong><\/span><span>&nbsp;<br \/><\/span><span>Os eventos n&atilde;o abrir&atilde;o inscri&ccedil;&otilde;es pagas. Os interessados devem entrar em contato com o NCE, atrav&eacute;s do &quot;fale conosco&quot; do site do N&uacute;cleo &#8211; www.usp.br\/nce. Os pedidos ser&atilde;o atendidos pela ordem de postagem, levando em conta o n&uacute;mero de vagas dispon&iacute;veis.<\/span><span>&nbsp;<\/p>\n<p><\/span><u><strong><span>V Simp&oacute;sio Brasileiro de Educomunica&ccedil;&atilde;o \/&nbsp;<\/span><span>I Simp&oacute;sio de Educomunica&ccedil;&atilde;o do Vale do Para&iacute;ba<br \/><\/span><\/strong><\/u><span>&#8211; S&atilde;o Jos&eacute; dos Campos, 19 a 21 de abril de 2007<br \/><\/span><span>&#8211; Local: Campus da UNIVAP<\/span><span><\/p>\n<p><\/span><span><strong><u>Encontro Brasileiro de Educomunica&ccedil;&atilde;o<br \/><\/u><\/strong><\/span><span>&#8211; S&atilde;o Paulo,&nbsp;08 e 09 de maio de 2007<br \/><\/span><span>&#8211; Local: Audit&oacute;rio do Grupo Estado de S&atilde;o Paulo<\/span><\/p>\n<p>&nbsp;<\/p>\n<p><span><img loading=\"lazy\" decoding=\"async\" src=\"images\/stories\/politica_publicacoes\/c_normal_pq.png\" alt=\"Active Image\" width=\"15\" height=\"15\" \/><\/span><\/p>\n","protected":false},"excerpt":{"rendered":"<p>Dois grandes eventos em abril e maio v\u00e3o discutir as diferentes quest\u00f5es ligadas \u00e0 educomunica\u00e7\u00e3o. Em abril acontece o V Simp\u00f3sio Brasileiro de Educomunica\u00e7\u00e3o. Em maio, \u00e9 a vez do Encontro Brasileiro de Educomunica\u00e7\u00e3o.<\/p>\n","protected":false},"author":1,"featured_media":0,"comment_status":"open","ping_status":"open","sticky":false,"template":"","format":"standard","meta":{"footnotes":""},"categories":[40],"tags":[170],"_links":{"self":[{"href":"https:\/\/obscom.intervozes.org.br\/index.php?rest_route=\/wp\/v2\/posts\/18191"}],"collection":[{"href":"https:\/\/obscom.intervozes.org.br\/index.php?rest_route=\/wp\/v2\/posts"}],"about":[{"href":"https:\/\/obscom.intervozes.org.br\/index.php?rest_route=\/wp\/v2\/types\/post"}],"author":[{"embeddable":true,"href":"https:\/\/obscom.intervozes.org.br\/index.php?rest_route=\/wp\/v2\/users\/1"}],"replies":[{"embeddable":true,"href":"https:\/\/obscom.intervozes.org.br\/index.php?rest_route=%2Fwp%2Fv2%2Fcomments&post=18191"}],"version-history":[{"count":0,"href":"https:\/\/obscom.intervozes.org.br\/index.php?rest_route=\/wp\/v2\/posts\/18191\/revisions"}],"wp:attachment":[{"href":"https:\/\/obscom.intervozes.org.br\/index.php?rest_route=%2Fwp%2Fv2%2Fmedia&parent=18191"}],"wp:term":[{"taxonomy":"category","embeddable":true,"href":"https:\/\/obscom.intervozes.org.br\/index.php?rest_route=%2Fwp%2Fv2%2Fcategories&post=18191"},{"taxonomy":"post_tag","embeddable":true,"href":"https:\/\/obscom.intervozes.org.br\/index.php?rest_route=%2Fwp%2Fv2%2Ftags&post=18191"}],"curies":[{"name":"wp","href":"https:\/\/api.w.org\/{rel}","templated":true}]}}