{"id":18181,"date":"2007-04-13T17:03:55","date_gmt":"2007-04-13T17:03:55","guid":{"rendered":"https:\/\/obscom.intervozes.org.br\/wordpress\/?p=18181"},"modified":"2007-04-13T17:03:55","modified_gmt":"2007-04-13T17:03:55","slug":"sao-paulo-e-o-centro-do-embate-entre-telefonica-e-abta","status":"publish","type":"post","link":"https:\/\/obscom.intervozes.org.br\/?p=18181","title":{"rendered":"S\u00e3o Paulo \u00e9 o centro do embate entre Telef\u00f4nica e ABTA"},"content":{"rendered":"<p>Com o desenvolvimento do embate entre Telef&ocirc;ncia\/TVA e ABTA em fun&ccedil;&atilde;o da compra da TVA pela Telef&ocirc;nica, e conseq&uuml;ente oposi&ccedil;&atilde;o da associa&ccedil;&atilde;o de operadoras de TV paga, uma coisa come&ccedil;a a ficar mais clara: o foco das discuss&otilde;es sobre o impacto concorrencial deve se centrar na cidade de S&atilde;o Paulo. &Eacute; nessa cidade que Net, Telef&ocirc;nica e TVA se enfrentam, e &eacute; l&aacute; que podem estar os maiores impactos da fus&atilde;o entre TVA e Telef&ocirc;nica. <\/p>\n<p>As partes dessa batalha se encontraram no Cade nesta quinta, 12, pela primeira vez, para exporem os argumentos a favor e contra uma eventual a&ccedil;&atilde;o cautelar, proibindo a&ccedil;&otilde;es conjuntas comuns e a compra da operadora de TV por assinatura pela tele. Na cidade de S&atilde;o Paulo, a Telef&ocirc;nica, que j&aacute; tem a principal rede de acesso fixo, ganha o controle total do mercado de MMDS (lembrando que a freq&uuml;&ecirc;ncia de MMDS &eacute; uma das mais adequadas para a presta&ccedil;&atilde;o de servi&ccedil;os de WiMax), e ainda ter&aacute; uma rede de acessos por cabo, al&eacute;m do DTH (via sat&eacute;lite). <\/p>\n<p>Essa &eacute; a argumenta&ccedil;&atilde;o central da ABTA colocada ao Cade. Segundo Pedro Dutra, advogado da ABTA, a TVA poderia ser a porta de entrada para um grande concorrente, ampliando a competi&ccedil;&atilde;o na cidade de S&atilde;o Paulo, caso n&atilde;o tivesse sido comprada pela Telef&ocirc;nica. Ainda que a empresa tenha hoje o menor market share de assinantes na banda larga e na voz, diz o advogado, ela vinha crescendo e, com o grupo Abril saud&aacute;vel financeiramente, certamente atrairia investidores de peso. &#39;A Telef&ocirc;nica, ao comprar a TVA, se antecipou a esta possibilidade&#39;. Agora, segundo a argumenta&ccedil;&atilde;o de Pedro Dutra, esse horizonte concorrencial inexiste. &#39;Em quest&otilde;es concorrenciais, temos que ver o futuro tamb&eacute;m, n&atilde;o apenas o presente, e para a competi&ccedil;&atilde;o seria muito melhor que a TVA estivesse no mercado&#39;. <\/p>\n<p><strong>Sem lideran&ccedil;a<\/strong> <br \/>Mas a TVA alega que, na bandalarga na cidade de S&atilde;o Paulo, nem ela nem a Telef&ocirc;nica t&ecirc;m a lideran&ccedil;a do mercado. Se em dezembro a Telef&ocirc;nica tinha 65% do mercado de banda larga, a Net, 30%, e a TVA, 5%, agora, segundo Arnaldo Tibyri&ccedil;&aacute;, diretor de assuntos regulat&oacute;rios do grupo Abril, os n&uacute;meros mudaram. &#39;Segundo dados que foram apresentados pela pr&oacute;pria ABTA nessa reuni&atilde;o de apresenta&ccedil;&atilde;o de argumentos, a Net j&aacute; passou a Telef&ocirc;nica e a TVA na banda larga em S&atilde;o Paulo&#39;, diz o executivo. As propor&ccedil;&otilde;es teriam ficado em cerca de 51% para a Net Servi&ccedil;os, contra 49% para Telef&ocirc;nica e TVA somadas. &#39;Ou seja, mesmo depois que a Telef&ocirc;nica e a TVA anunciaram a parceria, no final do ano passado, a Net continuou crescendo muito mais. Por isso, n&atilde;o existe, no nosso entendimento, nenhum fato que justifique uma a&ccedil;&atilde;o cautelar do Cade&#39;. <\/p>\n<p>A argumenta&ccedil;&atilde;o da ABTA vai al&eacute;m, e lembra que a pr&oacute;pria Telef&ocirc;nica admite que a TVA deixar&aacute; de comercializar o servi&ccedil;o de VoIP hoje dispon&iacute;vel. A TVA confirma que, se aprovada a opera&ccedil;&atilde;o, o servi&ccedil;o de VoIP deixa de existir. &#39;Mas s&atilde;o 8 mil assinantes, que n&atilde;o fazem a menor diferen&ccedil;a no cen&aacute;rio da telefonia em S&atilde;o Paulo, e h&aacute; v&aacute;rias outras empresas que prestam o mesmo servi&ccedil;o&#39;, diz Tibyri&ccedil;&aacute;. &#39;Quando Sky e DirecTV A grande inova&ccedil;&atilde;o na argumenta&ccedil;&atilde;o da ABTA colocada ao Cade foi ter inclu&iacute;do a quest&atilde;o do controle excessivo sobre as redes que representaria a compra da TVA pela Telef&ocirc;nica. Afinal, a Telef&ocirc;nica teria, na cidade de S&atilde;o Paulo, al&eacute;m do monop&oacute;lio da rede fixa, que permite inclusive servi&ccedil;os de IPTV, tamb&eacute;m o MMDS (que &eacute; um excelente caminho para o WiMax) e o cabo. E duas opera&ccedil;&otilde;es de DTH (a prestada via DTHi e a nova outorga). <\/p>\n<p>A TVA\/Telef&ocirc;nica optou por entrar nessa discuss&atilde;o, e argumenta que o grupo Net\/Embrate\/Telmex tem, al&eacute;m da rede de cabo da Net, acesso local por WLL (ex-V&eacute;sper), acesso via sat&eacute;lite (via StarOne), acesso m&oacute;vel (via Claro), WiMax (via faixas de 3,5 GHz), redes de fibras &oacute;pticas e MMDS nas cidades de Porto Alegre, Curitiba e Recife. Diz ainda que a Telef&ocirc;nica ter&aacute;, agora, a oportunidade de competir em Porto Alegre, Curitiba e Rio de Janeiro, onde a TVA tem MMDS. Com base nestes e em outros argumentos, o Cade deve decidir, provavelmente ainda este m&ecirc;s (ainda que a data n&atilde;o esteja marcada) sobre o pedido de cautelar da ABTA. <\/p>\n<p>&nbsp;<\/p>\n<p><img loading=\"lazy\" decoding=\"async\" src=\"images\/stories\/politica_publicacoes\/c_normal.png\" alt=\"Active Image\" width=\"15\" height=\"15\" \/><\/p>\n","protected":false},"excerpt":{"rendered":"<p>Com o desenvolvimento do embate entre Telef\u00f4ncia\/TVA e ABTA em fun\u00e7\u00e3o da compra da TVA pela Telef\u00f4nica, uma coisa come\u00e7a a ficar mais clara: o foco das discuss\u00f5es sobre o impacto concorrencial deve se centrar na cidade de S\u00e3o Paulo.<\/p>\n","protected":false},"author":1,"featured_media":0,"comment_status":"open","ping_status":"open","sticky":false,"template":"","format":"standard","meta":{"footnotes":""},"categories":[40],"tags":[147],"_links":{"self":[{"href":"https:\/\/obscom.intervozes.org.br\/index.php?rest_route=\/wp\/v2\/posts\/18181"}],"collection":[{"href":"https:\/\/obscom.intervozes.org.br\/index.php?rest_route=\/wp\/v2\/posts"}],"about":[{"href":"https:\/\/obscom.intervozes.org.br\/index.php?rest_route=\/wp\/v2\/types\/post"}],"author":[{"embeddable":true,"href":"https:\/\/obscom.intervozes.org.br\/index.php?rest_route=\/wp\/v2\/users\/1"}],"replies":[{"embeddable":true,"href":"https:\/\/obscom.intervozes.org.br\/index.php?rest_route=%2Fwp%2Fv2%2Fcomments&post=18181"}],"version-history":[{"count":0,"href":"https:\/\/obscom.intervozes.org.br\/index.php?rest_route=\/wp\/v2\/posts\/18181\/revisions"}],"wp:attachment":[{"href":"https:\/\/obscom.intervozes.org.br\/index.php?rest_route=%2Fwp%2Fv2%2Fmedia&parent=18181"}],"wp:term":[{"taxonomy":"category","embeddable":true,"href":"https:\/\/obscom.intervozes.org.br\/index.php?rest_route=%2Fwp%2Fv2%2Fcategories&post=18181"},{"taxonomy":"post_tag","embeddable":true,"href":"https:\/\/obscom.intervozes.org.br\/index.php?rest_route=%2Fwp%2Fv2%2Ftags&post=18181"}],"curies":[{"name":"wp","href":"https:\/\/api.w.org\/{rel}","templated":true}]}}