{"id":18180,"date":"2007-04-13T16:10:11","date_gmt":"2007-04-13T16:10:11","guid":{"rendered":"https:\/\/obscom.intervozes.org.br\/wordpress\/?p=18180"},"modified":"2007-04-13T16:10:11","modified_gmt":"2007-04-13T16:10:11","slug":"deputados-votam-pela-renovacao-de-suas-proprias-outorgas","status":"publish","type":"post","link":"https:\/\/obscom.intervozes.org.br\/?p=18180","title":{"rendered":"Deputados votam pela renova\u00e7\u00e3o de suas pr\u00f3prias outorgas"},"content":{"rendered":"<p>A divulga&ccedil;&atilde;o, mesmo que parcial, de uma pesquisa coordenada pelo professor Ven&iacute;cio Lima, realizada por encomenda do Projor, entidade mantenedora do Observat&oacute;rio da Imprensa, revelou que em 2003 e 2004 pelo menos dois deputados membros da Comiss&atilde;o de Comunica&ccedil;&otilde;es da C&acirc;mara votaram nas sess&otilde;es em queforam apreciadas a renova&ccedil;&atilde;o de suas outorgas de radiodifus&atilde;o. Lima relatou que a pesquisa cruzou dados do cadastro de cotistas de emissoras de r&aacute;dio e televis&atilde;o disponibilizado pelo Minist&eacute;rio das Comunica&ccedil;&otilde;es (atualizado em mar&ccedil;o de 2005) com as listas de membros titulares da CCTCI. Entre os 51 membros da Comiss&atilde;o em 2003, 16 deputados, inclusive o presidente da Comiss&atilde;o, tinham cotas em 37 concession&aacute;rias (31 de r&aacute;dio e 6 de televis&atilde;o). Em 2004, entre os 33 membros da Comiss&atilde;o, 15 deputados tinham interesses acion&aacute;rios em 29 concession&aacute;rias (26 de r&aacute;dio e 3 de televis&atilde;o).E mais: os pesquisadores acompanharam a tramita&ccedil;&atilde;o de 183 propostas que entraram na CCTCI e completaram o percurso at&eacute; a publica&ccedil;&atilde;o do Decreto Legislativo pelo Senado naqueles dois anos. Ao fazer o cruzamento das listas de presen&ccedil;a e vota&ccedil;&atilde;o das sess&otilde;es daqueles dois anos em que houve vota&ccedil;&atilde;o para renova&ccedil;&atilde;o de outorgas, verificaram que 15 concession&aacute;rios participaram destas vota&ccedil;&otilde;es em 2003 e 7 deles em 2004. Finalmente, dois parlamentares votaram nas sess&otilde;es em que foram apreciados os processos de suas pr&oacute;prias outorgas. <\/p>\n<p><strong>Em causa pr&oacute;pria<\/strong> <\/p>\n<p>Ven&iacute;cio Lima destacou as proibi&ccedil;&otilde;es estabelecidas tanto no C&oacute;digo Brasileiro de Telecomunica&ccedil;&otilde;es quanto no Decreto de Servi&ccedil;os de Radiodifus&atilde;o em rela&ccedil;&atilde;o &agrave; participa&ccedil;&atilde;o como dirigentes ou gerentes de pessoas que sejam detentoras de cargos eletivos. Al&eacute;m disso, a Constitui&ccedil;&atilde;o Federal (Art 54) pro&iacute;be parlamentares de manter cargos ou fun&ccedil;&otilde;es ou empregos remunerados em empresas concession&aacute;rias de servi&ccedil;os p&uacute;blicos. O pesquisador anunciou que o objetivo da pesquisa foi subsidiar uma a&ccedil;&atilde;o junto ao Minist&eacute;rio P&uacute;blico Federal pedindo a impugna&ccedil;&atilde;o das vota&ccedil;&otilde;es nas quais participaram os parlamentares em quest&atilde;o. Este processo j&aacute; est&aacute; em andamento. <\/p>\n<p><strong>Constrangimento <\/strong><\/p>\n<p>Apesar de n&atilde;o terem sido revelados os nomes dos dois deputados, que podem ser acusados formalmente pelo Minist&eacute;rio P&uacute;blico Federal por prevarica&ccedil;&atilde;o (votar em causa pr&oacute;pria), foi evidente o constrangimento do deputado Vic Pires Franco(DEM\/PA), que presidiu a audi&ecirc;ncia p&uacute;blica na aus&ecirc;ncia do deputado J&uacute;lio Semeghini, presidente da Comiss&atilde;o. O deputado Paulo Roberto Pereira (PTB\/RS), radialista e membro da Igreja Universal, al&eacute;m de constrangido, pediu a palavra para ressaltar que a forma como foi apresentada a pesquisa sobrea presen&ccedil;a de radiodifusores na Comiss&atilde;o deixou a impress&atilde;o de que &#39;todos os problemas da C&acirc;mara dos Deputados s&atilde;o culpa dos deputados&#39;. Para Paulo Roberto, em uma comiss&atilde;o com mais de 40 membros, verificar-se que apenas 15 t&ecirc;m interesses em emissoras de radiodifus&atilde;o &eacute; &#39;at&eacute; pouco&#39;. O deputado concluiu sua defesa dos inocentes afirmando que &#39;os deputados fazem as leis. N&atilde;o &eacute; dever do deputado fazer cumprir a lei&#39;. Talvez em socorro dos constrangidos, o procurador R&ocirc;mulo Conrado observou que no processo parlamentar &eacute; normal a exist&ecirc;ncia das denominadas bancadas setoriais que sempre votam defendendo interesses dos segmentos da sociedade que representam, &#39;o que n&atilde;o &eacute; correto, &eacute; votar em uma mat&eacute;ria que diz respeito a interesses pessoais, como seria o caso da renova&ccedil;&atilde;o das outorgas de radiodifus&atilde;o&#39;. <\/p>\n<p><strong>D&uacute;vidas <\/strong><\/p>\n<p>Apesar da seriedade do trabalho desenvolvido pelos pesquisadores, alguns consultores que j&aacute; trabalharam com o cadastro disponibilizado pelo Minist&eacute;rio das Comunica&ccedil;&otilde;es duvidam de sua atualiza&ccedil;&atilde;o: &#39;em 2003, quando foi apresentado pelo ministro Miro Teixeira, o cadastro estava totalmente incompleto, e at&eacute; hoje n&atilde;o foi regularizado totalmente. N&atilde;o &eacute; de confian&ccedil;a&#39;, afirma um consultor. Essa d&uacute;vida certamente livrar&aacute; de algum tipo de censura os deputados que ser&atilde;o indigitados pelo Minist&eacute;rio P&uacute;blico. Uma segunda quest&atilde;o importante &eacute; que os pesquisadores trabalharam com a lista de presen&ccedil;a das sess&otilde;es em que houve vota&ccedil;&atilde;o. Neste caso, qualquer pessoa que acompanha o trabalho das comiss&otilde;es sabe que as assinaturas n&atilde;o representam a presen&ccedil;a real dos deputados durante o processo de vota&ccedil;&atilde;o, pois &eacute; pr&aacute;tica corrente assinar &#39;para dar quorum&#39; e ir embora tratar de outros assuntos. Tudo isso ainda precisar&aacute; ser verificado. <\/p>\n<p>&nbsp;<\/p>\n<p>&nbsp;<img loading=\"lazy\" decoding=\"async\" style=\"width: 25px\" src=\"images\/stories\/politica_publicacoes\/c_normal.png\" alt=\"Active Image\" width=\"25\" height=\"24\" \/><\/p>\n<p>&nbsp;<\/p>\n","protected":false},"excerpt":{"rendered":"<p>A divulga&ccedil;&atilde;o, mesmo que parcial, de uma pesquisa coordenada pelo professor Ven&iacute;cio Lima, realizada por encomenda do Projor, entidade mantenedora do Observat&oacute;rio da Imprensa, revelou que em 2003 e 2004 pelo menos dois deputados membros da Comiss&atilde;o de Comunica&ccedil;&otilde;es da C&acirc;mara votaram nas sess&otilde;es em queforam apreciadas a renova&ccedil;&atilde;o de suas outorgas de radiodifus&atilde;o. Lima &hellip; <a href=\"https:\/\/obscom.intervozes.org.br\/?p=18180\" class=\"more-link\">Continue lendo <span class=\"screen-reader-text\">Deputados votam pela renova\u00e7\u00e3o de suas pr\u00f3prias outorgas<\/span> <span class=\"meta-nav\">&rarr;<\/span><\/a><\/p>\n","protected":false},"author":1,"featured_media":0,"comment_status":"open","ping_status":"open","sticky":false,"template":"","format":"standard","meta":{"footnotes":""},"categories":[40],"tags":[164],"_links":{"self":[{"href":"https:\/\/obscom.intervozes.org.br\/index.php?rest_route=\/wp\/v2\/posts\/18180"}],"collection":[{"href":"https:\/\/obscom.intervozes.org.br\/index.php?rest_route=\/wp\/v2\/posts"}],"about":[{"href":"https:\/\/obscom.intervozes.org.br\/index.php?rest_route=\/wp\/v2\/types\/post"}],"author":[{"embeddable":true,"href":"https:\/\/obscom.intervozes.org.br\/index.php?rest_route=\/wp\/v2\/users\/1"}],"replies":[{"embeddable":true,"href":"https:\/\/obscom.intervozes.org.br\/index.php?rest_route=%2Fwp%2Fv2%2Fcomments&post=18180"}],"version-history":[{"count":0,"href":"https:\/\/obscom.intervozes.org.br\/index.php?rest_route=\/wp\/v2\/posts\/18180\/revisions"}],"wp:attachment":[{"href":"https:\/\/obscom.intervozes.org.br\/index.php?rest_route=%2Fwp%2Fv2%2Fmedia&parent=18180"}],"wp:term":[{"taxonomy":"category","embeddable":true,"href":"https:\/\/obscom.intervozes.org.br\/index.php?rest_route=%2Fwp%2Fv2%2Fcategories&post=18180"},{"taxonomy":"post_tag","embeddable":true,"href":"https:\/\/obscom.intervozes.org.br\/index.php?rest_route=%2Fwp%2Fv2%2Ftags&post=18180"}],"curies":[{"name":"wp","href":"https:\/\/api.w.org\/{rel}","templated":true}]}}