{"id":18176,"date":"2007-04-13T14:50:25","date_gmt":"2007-04-13T14:50:25","guid":{"rendered":"https:\/\/obscom.intervozes.org.br\/wordpress\/?p=18176"},"modified":"2007-04-13T14:50:25","modified_gmt":"2007-04-13T14:50:25","slug":"emissoras-da-radiobras-e-tves-podem-formar-nova-rede","status":"publish","type":"post","link":"https:\/\/obscom.intervozes.org.br\/?p=18176","title":{"rendered":"Emissoras da Radiobr\u00e1s e TVEs podem formar nova rede"},"content":{"rendered":"<p><span>Bras&iacute;lia &#8211; A nova rede de TVs p&uacute;blicas deve ser formada a partir da unifica&ccedil;&atilde;o das estruturas da Radiobr&aacute;s e as TVEs do Rio de Janeiro e Maranh&atilde;o. A proposta est&aacute; em estudo, segundo o ministro Franklin Martins, da Secretaria de Comunica&ccedil;&atilde;o Social, respons&aacute;vel pelo grupo de trabalho integrado pelos minist&eacute;rios da Educa&ccedil;&atilde;o, Cultura e Comunica&ccedil;&otilde;es, que vai apresentar um modelo de rede a ser apresentado em 30 dias ao presidente Luiz In&aacute;cio Lula da Silva.<\/span><\/p>\n<p><span>Este n&uacute;cleo funcionaria como cabe&ccedil;a de uma rede formada tamb&eacute;m por emissoras estaduais parceiras, com programa&ccedil;&atilde;o local, de forma a exibir a diversidade cultural do pa&iacute;s e formar um novo telespectador. &ldquo;Acho que tem que ter um projeto central, mas a rede tem que ter janelas para produ&ccedil;&atilde;o local e produ&ccedil;&atilde;o independente. O Brasil tem que entrar na TV n&atilde;o apenas porque &eacute; exibido, mas porque &eacute; exibido por quem faz parte daquela realidade&rdquo;, disse em entrevista ao programa Ver TV, que ser&aacute; exibido esta noite pela TV Nacional.<\/span><span>&nbsp;<\/p>\n<p><\/span><span>No financiamento, Franklin n&atilde;o descarta a participa&ccedil;&atilde;o de recursos privados. &quot;Isso ainda est&aacute; em discuss&atilde;o, certamente o governo federal e outros governos, estaduais eventualmente, entrar&atilde;o com recursos or&ccedil;ament&aacute;rios, mas uma parte destes recursos poder&aacute; vir da capta&ccedil;&atilde;o junto &agrave; iniciativa privada&rdquo;.<\/span><span>&nbsp;<\/p>\n<p><\/span><span>Mas descarta a venda de espa&ccedil;o comercial. &quot;N&atilde;o ser&aacute; uma coisa desse tipo, mas apoios institucionais de patroc&iacute;nio de empresas que querem associar sua marca a determinados programas, como existe em diversos lugares do mundo. &Eacute; apenas uma consolida&ccedil;&atilde;o de um modelo dessa natureza&rdquo;, esclareceu.<\/span><span>&nbsp;<\/span> <\/p>\n<p style=\"margin: 0cm 0cm 0pt\" class=\"MsoNormal\"><span>Tamb&eacute;m est&aacute; descartada a participa&ccedil;&atilde;o a cobran&ccedil;a de uma taxa da popula&ccedil;&atilde;o, como ocorre na Inglaterra com a BBC. &ldquo;Acho muito dif&iacute;cil , dentro das condi&ccedil;&otilde;es do Brasil, um pa&iacute;s com problemas sociais muito grandes, se partir para um modelo desse tipo que, ali&aacute;s, s&oacute; existe na Inglaterra&rdquo;, avaliou. &ldquo;A BBC surgiu dentro de um enorme pacto social no p&oacute;s-guerra, onde isso foi aceito pela sociedade brit&acirc;nica e, por isso, vigora at&eacute; hoje&rdquo;, salientou Martins.<\/span><\/p>\n<p style=\"margin: 0cm 0cm 0pt\" class=\"MsoNormal\">&nbsp;<\/p>\n<p><span>&nbsp;<\/span><span>&nbsp;<img loading=\"lazy\" decoding=\"async\" src=\"images\/stories\/politica_publicacoes\/c_invertido.png\" alt=\"Active Image\" width=\"15\" height=\"15\" \/><\/span><\/p>\n","protected":false},"excerpt":{"rendered":"<p>Segundo o ministro Franklin Martins, da Secretaria de Comunica\u00e7\u00e3o Social, a nova rede de TVs p\u00fablicas pode ser formada a partir da unifica\u00e7\u00e3o das estruturas da Radiobr\u00e1s e as TVEs. A proposta deve ser enviada ao presidente Lula em no m\u00e1ximo 30 dias.<\/p>\n","protected":false},"author":1,"featured_media":0,"comment_status":"open","ping_status":"open","sticky":false,"template":"","format":"standard","meta":{"footnotes":""},"categories":[40],"tags":[163],"_links":{"self":[{"href":"https:\/\/obscom.intervozes.org.br\/index.php?rest_route=\/wp\/v2\/posts\/18176"}],"collection":[{"href":"https:\/\/obscom.intervozes.org.br\/index.php?rest_route=\/wp\/v2\/posts"}],"about":[{"href":"https:\/\/obscom.intervozes.org.br\/index.php?rest_route=\/wp\/v2\/types\/post"}],"author":[{"embeddable":true,"href":"https:\/\/obscom.intervozes.org.br\/index.php?rest_route=\/wp\/v2\/users\/1"}],"replies":[{"embeddable":true,"href":"https:\/\/obscom.intervozes.org.br\/index.php?rest_route=%2Fwp%2Fv2%2Fcomments&post=18176"}],"version-history":[{"count":0,"href":"https:\/\/obscom.intervozes.org.br\/index.php?rest_route=\/wp\/v2\/posts\/18176\/revisions"}],"wp:attachment":[{"href":"https:\/\/obscom.intervozes.org.br\/index.php?rest_route=%2Fwp%2Fv2%2Fmedia&parent=18176"}],"wp:term":[{"taxonomy":"category","embeddable":true,"href":"https:\/\/obscom.intervozes.org.br\/index.php?rest_route=%2Fwp%2Fv2%2Fcategories&post=18176"},{"taxonomy":"post_tag","embeddable":true,"href":"https:\/\/obscom.intervozes.org.br\/index.php?rest_route=%2Fwp%2Fv2%2Ftags&post=18176"}],"curies":[{"name":"wp","href":"https:\/\/api.w.org\/{rel}","templated":true}]}}