{"id":18175,"date":"2007-04-13T12:01:55","date_gmt":"2007-04-13T12:01:55","guid":{"rendered":"https:\/\/obscom.intervozes.org.br\/wordpress\/?p=18175"},"modified":"2007-04-13T12:01:55","modified_gmt":"2007-04-13T12:01:55","slug":"a-moralizacao-das-concessoes-de-televisao","status":"publish","type":"post","link":"https:\/\/obscom.intervozes.org.br\/?p=18175","title":{"rendered":"A moraliza\u00e7\u00e3o das concess\u00f5es de televis\u00e3o"},"content":{"rendered":"<p><span><em>A deputada federal Luiza Erundina (PSB-SP) est&aacute; disposta a moralizar o processo de renova&ccedil;&atilde;o de outorgas de canais de comunica&ccedil;&atilde;o. Embora atuem sob uma concess&atilde;o do governo federal, v&aacute;rias TVs e r&aacute;dios do Brasil desobedecem a regras elementares e utilizam os ve&iacute;culos apenas para aumentar lucros e transmitir not&iacute;cias de acordo com interesses pol&iacute;ticos e comerciais de seus donos. Luiza Erundina preside, na Comiss&atilde;o de Ci&ecirc;ncia e Tecnologia da C&acirc;mara dos Deputados, uma subcomiss&atilde;o destinada a analisar os crit&eacute;rios para o setor. Corajosa, ela n&atilde;o teme ser perseguida por grandes ve&iacute;culos de comunica&ccedil;&atilde;o que sejam contrariados. Ela sabe o risco que corre, mas acredita que tamb&eacute;m h&aacute; &#8211; na grande imprensa &#8211; pessoas s&eacute;rias e bem-intencionadas acompanhando seu trabalho. <\/em><\/span><span><em>&nbsp;<\/p>\n<p><\/em><\/span><span><em>Lu&iacute;za Erundina ficou nacionalmente conhecida desde que administrou a Prefeitura de S&atilde;o Paulo (naquela &eacute;poca estava no PT). Atualmente, ela exerce seu terceiro mandato como deputada federal do PSB. Nesta entrevista (concedida ao Portal do PSB Nacional), a parlamentar fala sobre o trabalho desenvolvido pela subcomiss&atilde;o e afirma que o advento da TV digital pode aumentar ainda mais a concentra&ccedil;&atilde;o de poder dos meios de comunica&ccedil;&atilde;o nas m&atilde;os do grande capital.<\/em><\/span><span>&nbsp;<\/p>\n<p><\/span><span><strong>Portal PSB<\/strong> &#8211; &nbsp;Como surgiu a id&eacute;ia de implantar uma subcomiss&atilde;o para discutir crit&eacute;rios para renova&ccedil;&atilde;o de outorga de concess&atilde;o de r&aacute;dios e TVs na C&acirc;mara dos Deputados?<\/span> <\/p>\n<p style=\"margin: 0cm 0cm 0pt\" class=\"MsoNormal\"><span><strong>Luiza Erundina<\/strong> &#8211; &nbsp;Eu estou no meu terceiro mandato e desde o primeiro eu e outros parlamentares ficamos constrangidos em apresentar pareceres sobre outorga ou renova&ccedil;&atilde;o de r&aacute;dio e TV, sem ter elementos objetivos para julgar o processo. &Eacute; constrangedor aprovar ou rejeitar uma concess&atilde;o sem elementos objetivos para avaliar se a emissora estaria correta em rela&ccedil;&atilde;o ao conte&uacute;do e a aspectos legais. Pensando nisso, entrei com um requerimento para a cria&ccedil;&atilde;o desta subcomiss&atilde;o no ano passado, mas como era ano eleitoral e houve a resist&ecirc;ncia do ministro das Comunica&ccedil;&otilde;es em comparecer &agrave;s audi&ecirc;ncias destinadas a colher elementos para uma mudan&ccedil;a na pr&oacute;pria legisla&ccedil;&atilde;o, foi preciso adiar para este ano. <\/span><\/p>\n<p><span><strong>Portal PSB&nbsp;&#8211;<\/strong> Como &eacute; dividido o trabalho?<br \/><\/span><span><strong>Luiza Erundina<\/strong> &#8211; &nbsp;Estamos iniciando os trabalhos com a realiza&ccedil;&atilde;o de audi&ecirc;ncias p&uacute;blicas. A primeira delas foi com os representantes das empresas de TV e R&aacute;dio comercial. Iremos organizar depois uma audi&ecirc;ncia com as r&aacute;dios comunit&aacute;rias e a terceira, ser&aacute; com as r&aacute;dios educativas e o Minist&eacute;rio P&uacute;blico. Por &uacute;ltimo, vamos ouvir o ministro e montar um relat&oacute;rio com as propostas de mudan&ccedil;as. O artigo 223 da Constitui&ccedil;&atilde;o, que diz respeito ao cap&iacute;tulo que trata da comunica&ccedil;&atilde;o social, precisa ser regulamentado para evitar vazios legais que permitem concess&otilde;es e outorgas ilegais de ve&iacute;culos. Temos um prazo de 30 a 60 dias para apresentar o primeiro relat&oacute;rio, com os novos crit&eacute;rios. Conclu&iacute;da esta tarefa, vamos investigar as den&uacute;ncias que est&atilde;o chegando &agrave; subcomiss&atilde;o, como as concess&otilde;es a deputados e senadores que s&atilde;o explicitamente proibidas na Constitui&ccedil;&atilde;o. Existem tamb&eacute;m den&uacute;ncias de v&aacute;rias concess&otilde;es para o mesmo grupo de pessoas. H&aacute; mau uso de concess&otilde;es comunit&aacute;rias ou educativas, que acabam se tornando empresas privadas, devido ao fraco mecanismo de fiscaliza&ccedil;&atilde;o. Al&eacute;m disso, temos um agravante de que, com a entrada do sistema digital, o espectro de canais vai se multiplicar. Se n&atilde;o tiver um ordenamento para evitar a concentra&ccedil;&atilde;o de outorgas, o poder de uma minoria de pessoas crescer&aacute; muito mais neste pa&iacute;s. Mas a rec&eacute;m-criada subcomiss&atilde;o est&aacute; empenhada em fazer valer o que reza a Constitui&ccedil;&atilde;o brasileira, que pro&iacute;be o ac&uacute;mulo de concess&otilde;es e o uso pol&iacute;tico das mesmas, entre outras recomenda&ccedil;&otilde;es.<\/span><\/p>\n<p><span><strong>Portal PSB<\/strong> &#8211; &nbsp;Muitos pol&iacute;ticos s&atilde;o donos de ve&iacute;culos de comunica&ccedil;&atilde;o. Na pr&oacute;pria Comiss&atilde;o de Ci&ecirc;ncia e Tecnologia, h&aacute; muitos parlamentares propriet&aacute;rios de r&aacute;dios e TVs. Os senhores n&atilde;o temem que eles usem este poder para difam&aacute;-los ou caluni&aacute;-los?<br \/><\/span><span><strong>Erundina <\/strong>&#8211;&nbsp;Tenho consci&ecirc;ncia de que haver&aacute; resist&ecirc;ncia. Mas estamos adotando o procedimento de fazer as reuni&otilde;es da subcomiss&atilde;o sempre p&uacute;blicas e a imprensa tem acompanhado e repercutido o que acontece no trabalho interno. Por enquanto n&atilde;o tem ocorrido uma tentativa de inviabilizar o nosso trabalho, nossa tarefa &eacute; apresentar um diagn&oacute;stico para corrigir as distor&ccedil;&otilde;es e isso ser&aacute; acompanhado pela sociedade. Existe uma contradi&ccedil;&atilde;o neste setor: hoje a radiodifus&atilde;o se faz por TV e r&aacute;dio, mas a telefonia come&ccedil;a a entrar no mercado. As telefonias s&atilde;o de capitais externos multinacionais, que possuem um poder econ&ocirc;mico muito superior &agrave;s r&aacute;dios e TVs tradicionais. As empresas de telefonia concentrar&atilde;o, em um mesmo canal, diversas fun&ccedil;&otilde;es como TV, r&aacute;dio e Internet. <br \/><\/span><span><strong><br \/>Portal PSB<\/strong> &#8211;&nbsp;H&aacute; tamb&eacute;m a possibilidade de regular o setor, para que o poder de formar opini&otilde;es e divulgar a cultura n&atilde;o fique concentrado nas m&atilde;os de poucos?<\/span> <\/p>\n<p style=\"margin: 0cm 0cm 0pt\" class=\"MsoNormal\"><span><strong>Erundina &#8211;<\/strong>&nbsp;Com certeza. Al&eacute;m disso, temos a preocupa&ccedil;&atilde;o de propor uma descentraliza&ccedil;&atilde;o, objetivando a regionaliza&ccedil;&atilde;o da programa&ccedil;&atilde;o do ponto de vista cultural e de informa&ccedil;&otilde;es. Cada regi&atilde;o do pa&iacute;s tem caracter&iacute;sticas pr&oacute;prias&#8230; Existem dois projetos de lei que regulamentam a TV comunit&aacute;ria aberta, pois hoje temos apenas TV comunit&aacute;ria a cabo. S&atilde;o a&ccedil;&otilde;es que visam contribuir com a democratiza&ccedil;&atilde;o da comunica&ccedil;&atilde;o. Pensando nisso, estamos organizando uma frente parlamentar que cuida da democratiza&ccedil;&atilde;o dos meios de comunica&ccedil;&atilde;o, como espa&ccedil;o pol&iacute;tico de luta e organiza&ccedil;&atilde;o popular. Acredito que esta &eacute; uma bandeira estrat&eacute;gica e o PSB deve abra&ccedil;ar esta id&eacute;ia como pol&iacute;tica do partido.<\/span><\/p>\n<p><span><strong>Portal PSB<\/strong> &#8211; O advento da TV digital pode ser um instrumento de democratiza&ccedil;&atilde;o da comunica&ccedil;&atilde;o, se atender tamb&eacute;m aos grupos ideologicamente ou economicamente marginalizados pelo grande capital? Ou h&aacute; risco de o novo sistema ser apenas outro instrumento da classe dominante?<br \/><\/span><span><strong>Erundina &#8211;<\/strong> &nbsp;Com certeza, pode potencializar a concentra&ccedil;&atilde;o do poder do grande capital. A digitaliza&ccedil;&atilde;o &eacute; uma nova tecnologia, que avan&ccedil;a rapidamente, e isso n&atilde;o acompanha teoricamente a socializa&ccedil;&atilde;o do dom&iacute;nio dessa tecnologia, muito pelo contr&aacute;rio. A digitaliza&ccedil;&atilde;o vai aperfei&ccedil;oar a exibi&ccedil;&atilde;o da imagem, mas por outro lado como uma tecnologia importada, o Brasil ficar&aacute; dependente de um modelo que sequer aproveita as pesquisas tecnol&oacute;gicas que o pa&iacute;s j&aacute; acumulou. Esta forma amplia a qualidade de servi&ccedil;os, mas exige muito mais da produ&ccedil;&atilde;o dos conte&uacute;dos. Entretanto, se isso n&atilde;o for regulamentado no sentido de distribuir os canais que v&atilde;o se multiplicar, um canal de hoje ser&aacute; tr&ecirc;s ou quatro futuramente&#8230; Se isso n&atilde;o vier acompanhado de normas e regras legais que distribuam o espa&ccedil;o de maneira mais democr&aacute;tica, fatalmente iremos aumentar o poder destes que j&aacute; t&ecirc;m o poder concentrado. Esta &eacute; uma quest&atilde;o estrat&eacute;gica e at&eacute; o final do ano o sistema digital ser&aacute; implantado. Precisamos estar vigilantes e mobilizados para nos precaver contra o aumento do poder sobre a informa&ccedil;&atilde;o.<\/span> <\/p>\n<p><span><strong>Portal PSB<\/strong> &#8211; &nbsp;Grupos pol&iacute;ticos contr&aacute;rios &agrave; democratiza&ccedil;&atilde;o argumentam que uma mudan&ccedil;a no setor s&oacute; serviria para o uso pol&iacute;tico da comunica&ccedil;&atilde;o&#8230; Embora essa elite use os seus ve&iacute;culos de comunica&ccedil;&atilde;o para transmitir a &quot;realidade&quot; sob o ponto de vista que lhe interessa. <\/span>Como a sra. analisa esta contradi&ccedil;&atilde;o?<br \/><span><strong>Erundina <\/strong>&#8211; &nbsp;Sempre foi assim, no sistema em que vivemos. As elites econ&ocirc;micas s&oacute; combatem os privil&eacute;gios dos outros. Quando s&atilde;o eles os privilegiados, tudo bem&#8230; Vemos isso em diversos setores e n&atilde;o apenas na &aacute;rea de comunica&ccedil;&atilde;o &#8211; tanto do ponto de vista local, nacional ou at&eacute; global. As den&uacute;ncias de uso pol&iacute;tico de meios de comunica&ccedil;&atilde;o est&atilde;o chegando e, apesar de n&atilde;o ser o objeto desta subcomiss&atilde;o, n&oacute;s n&atilde;o iremos deixar de lado. Primeiro, vamos procurar respostas para apreciar estes processos e, com uma base mais segura, vamos investigar e corrigir os problemas verificados na Comiss&atilde;o de Ci&ecirc;ncia e Tecnologia. Esta &eacute; uma quest&atilde;o que est&aacute; na ordem do dia e precisamos lutar pelos interesses do Brasil.<\/span><\/p>\n<p>&nbsp;<\/p>\n<p><span><font size=\"3\"><img loading=\"lazy\" decoding=\"async\" style=\"width: 21px\" src=\"images\/stories\/politica_publicacoes\/c_invertido.png\" alt=\"Active Image\" width=\"21\" height=\"20\" \/><\/font><\/span><\/p>\n","protected":false},"excerpt":{"rendered":"<p>&#8220;\u00c9 constrangedor aprovar concess\u00f5es sem elementos para avali\u00e1-las&#8221;<\/p>\n","protected":false},"author":1,"featured_media":0,"comment_status":"open","ping_status":"open","sticky":false,"template":"","format":"standard","meta":{"footnotes":""},"categories":[43],"tags":[162],"_links":{"self":[{"href":"https:\/\/obscom.intervozes.org.br\/index.php?rest_route=\/wp\/v2\/posts\/18175"}],"collection":[{"href":"https:\/\/obscom.intervozes.org.br\/index.php?rest_route=\/wp\/v2\/posts"}],"about":[{"href":"https:\/\/obscom.intervozes.org.br\/index.php?rest_route=\/wp\/v2\/types\/post"}],"author":[{"embeddable":true,"href":"https:\/\/obscom.intervozes.org.br\/index.php?rest_route=\/wp\/v2\/users\/1"}],"replies":[{"embeddable":true,"href":"https:\/\/obscom.intervozes.org.br\/index.php?rest_route=%2Fwp%2Fv2%2Fcomments&post=18175"}],"version-history":[{"count":0,"href":"https:\/\/obscom.intervozes.org.br\/index.php?rest_route=\/wp\/v2\/posts\/18175\/revisions"}],"wp:attachment":[{"href":"https:\/\/obscom.intervozes.org.br\/index.php?rest_route=%2Fwp%2Fv2%2Fmedia&parent=18175"}],"wp:term":[{"taxonomy":"category","embeddable":true,"href":"https:\/\/obscom.intervozes.org.br\/index.php?rest_route=%2Fwp%2Fv2%2Fcategories&post=18175"},{"taxonomy":"post_tag","embeddable":true,"href":"https:\/\/obscom.intervozes.org.br\/index.php?rest_route=%2Fwp%2Fv2%2Ftags&post=18175"}],"curies":[{"name":"wp","href":"https:\/\/api.w.org\/{rel}","templated":true}]}}