{"id":18174,"date":"2007-04-12T16:33:37","date_gmt":"2007-04-12T16:33:37","guid":{"rendered":"https:\/\/obscom.intervozes.org.br\/wordpress\/?p=18174"},"modified":"2007-04-12T16:33:37","modified_gmt":"2007-04-12T16:33:37","slug":"emendas-atendem-aos-radiodifusores","status":"publish","type":"post","link":"https:\/\/obscom.intervozes.org.br\/?p=18174","title":{"rendered":"Emendas atendem aos radiodifusores"},"content":{"rendered":"<p>O conte&uacute;do das emendas apresentadas ao Projeto de Lei 29\/2007, do deputado Paulo Bornhausen (DEM\/SC) &#8211; e aos projetos a ele apensados, o PL 70\/2007 (deputado Nelson Marquelezzi &ndash; PTB\/SP) e o PL 332\/2007 (Paulo Teixeira &#8211; PT\/SP, e Walter Pinheiro &#8211; PT\/BA) &#8211; evidencia que, at&eacute; esta fase da tramita&ccedil;&atilde;o, a maioria dos deputados que se mobilizou para interferir no processo&nbsp;&eacute; ligado ao setor de radiodifus&atilde;o.<\/p>\n<p><a href=\"dmdocuments\/arquivo.php?arquivo=PBornhausen.zip\">Para ter acesso ao conte&uacute;do do PL&nbsp;do deputado Paulo Bornhausen e aos dois projetos a ele apensados (PL 70\/2007 e o PL 332\/2007), clique aqui.<\/a><\/p>\n<p>O prazo para apresenta&ccedil;&atilde;o de emendas terminou na &uacute;ltima ter&ccedil;a, 10. Apesar de os parlamentares de partidos de esquerda n&atilde;o terem apresentado mudan&ccedil;as ao texto nesta fase da tramita&ccedil;&atilde;o, ainda h&aacute; espa&ccedil;o para emendas do relator Jorge Bittar (PT-RJ), da Comiss&atilde;o de Constitui&ccedil;&atilde;o e Justi&ccedil;a e do plen&aacute;rio.<\/p>\n<p>O texto original do projeto revoga dispositivos da Lei n&ordm; 8.977, de 1995, quanto &agrave;s restri&ccedil;&otilde;es ao capital estrangeiro para as concession&aacute;rias de telecomunica&ccedil;&otilde;es impostas ao Servi&ccedil;o de TV a Cabo e flexibiliza a exig&ecirc;ncia de capital nacional para a participa&ccedil;&atilde;o das empresas de telefonia fixa no setor, permitindo que elas recebam concess&otilde;es de TV a Cabo e produzam e distribuam conte&uacute;do. As empresas de telefonia fixa poderiam receber concess&otilde;es de TV a Cabo onde n&atilde;o houver sido outorgada concess&atilde;o para o servi&ccedil;o e onde essa concess&atilde;o j&aacute; tenha mais de um ano.<\/p>\n<p>Nas emendas a ele propostas, os parlamentares procuraram estabelecer que a produ&ccedil;&atilde;o, programa&ccedil;&atilde;o, provimento e comercializa&ccedil;&atilde;o de conte&uacute;do brasileiro &eacute; privativa a brasileiros natos ou naturalizados, atendendo &agrave; principal reivindica&ccedil;&atilde;o dos radiodifusores. O deputado Zenaldo Coutinho (PSDB\/PA) apresentou um substitutivo ao projeto que pede a retirada da compet&ecirc;ncia da Anatel para a fiscaliza&ccedil;&atilde;o sobre programa&ccedil;&atilde;o e provimento de conte&uacute;dos, o que passaria a ser fun&ccedil;&atilde;o da Ancine. O mesmo projeto tamb&eacute;m coloca &agrave;s teles as mesmas condi&ccedil;&otilde;es de capital dos radiodifusores.<\/p>\n<p>O deputado Ant&ocirc;nio Carlos Mendes Thame (PSDB\/SP) foi o &uacute;nico que caminhou no sentido contr&aacute;rio e prop&ocirc;s uma medida de flexibiliza&ccedil;&atilde;o das regras atuais, com uma altera&ccedil;&atilde;o nos projetos 332\/07 e 70\/07, no sentido de eliminar a limita&ccedil;&atilde;o de capital estrangeiro na TV a cabo. <\/p>\n<p>* Com informa&ccedil;&otilde;es do Tela Viva News.<\/p>\n<p>&nbsp;<\/p>\n<p>&nbsp;<\/p>\n","protected":false},"excerpt":{"rendered":"<p>O conte\u00fado das emendas apresentadas ao Projeto de Lei 29\/2007 (Paulo Bornhausen &#8211; DEM\/SC) e aos projetos a ele apensados mostram que, at\u00e9 o presente momento, a maioria dos parlamentares que se mobilizou para interferir no processo \u00e9 ligado ao setor de radiodifus\u00e3o.<\/p>\n","protected":false},"author":1,"featured_media":0,"comment_status":"open","ping_status":"open","sticky":false,"template":"","format":"standard","meta":{"footnotes":""},"categories":[40],"tags":[161],"_links":{"self":[{"href":"https:\/\/obscom.intervozes.org.br\/index.php?rest_route=\/wp\/v2\/posts\/18174"}],"collection":[{"href":"https:\/\/obscom.intervozes.org.br\/index.php?rest_route=\/wp\/v2\/posts"}],"about":[{"href":"https:\/\/obscom.intervozes.org.br\/index.php?rest_route=\/wp\/v2\/types\/post"}],"author":[{"embeddable":true,"href":"https:\/\/obscom.intervozes.org.br\/index.php?rest_route=\/wp\/v2\/users\/1"}],"replies":[{"embeddable":true,"href":"https:\/\/obscom.intervozes.org.br\/index.php?rest_route=%2Fwp%2Fv2%2Fcomments&post=18174"}],"version-history":[{"count":0,"href":"https:\/\/obscom.intervozes.org.br\/index.php?rest_route=\/wp\/v2\/posts\/18174\/revisions"}],"wp:attachment":[{"href":"https:\/\/obscom.intervozes.org.br\/index.php?rest_route=%2Fwp%2Fv2%2Fmedia&parent=18174"}],"wp:term":[{"taxonomy":"category","embeddable":true,"href":"https:\/\/obscom.intervozes.org.br\/index.php?rest_route=%2Fwp%2Fv2%2Fcategories&post=18174"},{"taxonomy":"post_tag","embeddable":true,"href":"https:\/\/obscom.intervozes.org.br\/index.php?rest_route=%2Fwp%2Fv2%2Ftags&post=18174"}],"curies":[{"name":"wp","href":"https:\/\/api.w.org\/{rel}","templated":true}]}}