{"id":18173,"date":"2007-04-12T16:07:03","date_gmt":"2007-04-12T16:07:03","guid":{"rendered":"https:\/\/obscom.intervozes.org.br\/wordpress\/?p=18173"},"modified":"2007-04-12T16:07:03","modified_gmt":"2007-04-12T16:07:03","slug":"ompi-disponibiliza-minuta-do-relatorio-sobre-a-agenda-do-desenvolvimento","status":"publish","type":"post","link":"https:\/\/obscom.intervozes.org.br\/?p=18173","title":{"rendered":"OMPI disponibiliza Minuta do Relat\u00f3rio sobre a Agenda do Desenvolvimento"},"content":{"rendered":"<p>A <a href=\"http:\/\/www.wipo.int\/\" target=\"_blank\">Organiza&ccedil;&atilde;o Mundial da Propriedade Intelectual<\/a> (OMPI) publicou em seu website a <a href=\"http:\/\/www.wipo.int\/edocs\/mdocs\/mdocs\/en\/pcda_3\/pcda_3_3_prov.pdf\" target=\"_blank\">Minuta do Relat&oacute;rio<\/a> [.pdf em ingl&ecirc;s] da terceira sess&atilde;o do Comit&ecirc; Provis&oacute;rio para discuss&otilde;es sobre a Agenda do Desenvolvimento (PCDA) da OMPI, realizada de 19 a 23 de fevereiro de 2007.<\/p>\n<p>At&eacute; o dia 20 de abril ser&atilde;o aceitos coment&aacute;rios sobre tal Minuta, para que ent&atilde;o a mesma receba uma vers&atilde;o final. Participaram desta <a href=\"http:\/\/www.wipo.int\/meetings\/en\/details.jsp?meeting_id=11926\" target=\"_blank\">terceira sess&atilde;o<\/a> 105 pa&iacute;ses-membros da OMPI e mais 43 observadores, tais como organiza&ccedil;&otilde;es n&atilde;o governamentais (ONGs) e organiza&ccedil;&otilde;es inter-governamentais (OIGs).<\/p>\n<p>Ao final das duas sess&otilde;es de 2007 do PCDA (a pr&oacute;xima ocorrer&aacute; de 11 a 15 de junho), um relat&oacute;rio ser&aacute; enviado para a Assembl&eacute;ia Geral da OMPI deste ano, a realizar-se por volta de setembro\/outubro pr&oacute;ximos. Na Assembl&eacute;ia deste ano se definir&aacute; de que forma os pontos acordados nesta terceira sess&atilde;o e na pr&oacute;xima ser&atilde;o levados adiante.<\/p>\n<p>As propostas contidas na Agenda do Desenvolvimento pretendem trazer o vi&eacute;s do desenvolvimento sustent&aacute;vel para os debates dentro da OMPI, que cuida das quest&otilde;es de propriedade intelectual, sendo desde 1974 mais uma das ag&ecirc;ncias especializadas da ONU.<\/p>\n<p>Depois de aproximadamente dois anos e meio desde que a Agenda foi proposta e aceita para discuss&atilde;o, os debates continuam. Esta terceira fase do PCDA, de 19 a 23 de fevereiro, analisou as primeiras 40 das 111 propostas feitas at&eacute; ent&atilde;o &ndash; as relacionadas a temas relativamente mais simples e onde havia maior possibilidade de consenso, conforme ficou definido na &uacute;ltima Assembl&eacute;ia Geral da OMPI, de setembro-outubro de 2006.<\/p>\n<p>O monitoramento da OMPI ocorre dentro do <a href=\"http:\/\/www.culturalivre.org.br\/\" target=\"_blank\">Programa Cultura Livre<\/a>, do <a href=\"http:\/\/www.direitorio.fgv.br\/cts\" target=\"_blank\">Centro de Tecnologia e Sociedade<\/a> (CTS) da <a href=\"http:\/\/www.direitorio.fgv.br\/\" target=\"_blank\">FGV DIREITO RIO<\/a>, com financiamento da Funda&ccedil;&atilde;o Ford.<\/p>\n<p>&nbsp;<\/p>\n<p><span><font size=\"3\"><img loading=\"lazy\" decoding=\"async\" src=\"images\/stories\/politica_publicacoes\/c_invertido.png\" alt=\"Active Image\" width=\"20\" height=\"20\" \/><\/font><\/span><\/p>\n","protected":false},"excerpt":{"rendered":"<p>A Organiza\u00e7\u00e3o Mundial da Propriedade Intelectual (OMPI) publicou em seu website a Minuta do Relat\u00f3rio [.pdf em ingl\u00eas] da terceira sess\u00e3o do Comit\u00ea Provis\u00f3rio para discuss\u00f5es sobre a Agenda do Desenvolvimento (PCDA) da OMPI, realizada de 19 a 23 de fevereiro de 2007.<\/p>\n","protected":false},"author":1,"featured_media":0,"comment_status":"open","ping_status":"open","sticky":false,"template":"","format":"standard","meta":{"footnotes":""},"categories":[40],"tags":[160],"_links":{"self":[{"href":"https:\/\/obscom.intervozes.org.br\/index.php?rest_route=\/wp\/v2\/posts\/18173"}],"collection":[{"href":"https:\/\/obscom.intervozes.org.br\/index.php?rest_route=\/wp\/v2\/posts"}],"about":[{"href":"https:\/\/obscom.intervozes.org.br\/index.php?rest_route=\/wp\/v2\/types\/post"}],"author":[{"embeddable":true,"href":"https:\/\/obscom.intervozes.org.br\/index.php?rest_route=\/wp\/v2\/users\/1"}],"replies":[{"embeddable":true,"href":"https:\/\/obscom.intervozes.org.br\/index.php?rest_route=%2Fwp%2Fv2%2Fcomments&post=18173"}],"version-history":[{"count":0,"href":"https:\/\/obscom.intervozes.org.br\/index.php?rest_route=\/wp\/v2\/posts\/18173\/revisions"}],"wp:attachment":[{"href":"https:\/\/obscom.intervozes.org.br\/index.php?rest_route=%2Fwp%2Fv2%2Fmedia&parent=18173"}],"wp:term":[{"taxonomy":"category","embeddable":true,"href":"https:\/\/obscom.intervozes.org.br\/index.php?rest_route=%2Fwp%2Fv2%2Fcategories&post=18173"},{"taxonomy":"post_tag","embeddable":true,"href":"https:\/\/obscom.intervozes.org.br\/index.php?rest_route=%2Fwp%2Fv2%2Ftags&post=18173"}],"curies":[{"name":"wp","href":"https:\/\/api.w.org\/{rel}","templated":true}]}}