{"id":18171,"date":"2007-04-12T15:45:11","date_gmt":"2007-04-12T15:45:11","guid":{"rendered":"https:\/\/obscom.intervozes.org.br\/wordpress\/?p=18171"},"modified":"2007-04-12T15:45:11","modified_gmt":"2007-04-12T15:45:11","slug":"nova-programacao-da-globo-comeca-com-classificacao-indicativa","status":"publish","type":"post","link":"https:\/\/obscom.intervozes.org.br\/?p=18171","title":{"rendered":"Nova programa\u00e7\u00e3o da Globo come\u00e7a com classifica\u00e7\u00e3o indicativa"},"content":{"rendered":"<p>No hor&aacute;rio nobre desta ter&ccedil;a-feira, 10, quando a TV Globo estreou as novas temporadas de seus programas de linha &#39;Casseta &amp; Planeta &#8211; Urgente&#39; e &#39;A Diarista&#39;, a emissora trouxe como novidade a indica&ccedil;&atilde;o de faixa et&aacute;ria no in&iacute;cio dos programas. <\/p>\n<p>Ainda que n&atilde;o tenha vindo na forma como estabelece a Portaria 264, de 9\/02\/07, do Minist&eacute;rio da Justi&ccedil;a &#8211; que deve ser colocada em pr&aacute;tica daqui a quase um m&ecirc;s, em 13 de maio -, a indica&ccedil;&atilde;o de idade foi estampada na tela durante alguns segundos no in&iacute;cio de cada programa. Para o &#39;Casseta&#39;, por exemplo, que entrou &agrave;s 22h, a faixa et&aacute;ria recomendada foi de 14 anos. J&aacute; o programa seguinte, &#39;A Diarista&#39;, cerca de 40 minutos mais tarde, veio com a estampa para Livre &#8211; muito embora tivesse em seus di&aacute;logos, em tom de com&eacute;dia, conte&uacute;dos referentes a temas adultos, como sexo. <\/p>\n<p>Vale lembrar que ainda est&aacute; pendente no Supremo Tribunal Federal o resultado de julgamento sobre a Portaria 796, de 8\/9\/00, do Minist&eacute;rio da Justi&ccedil;a, que estabelece o hor&aacute;rio de exibi&ccedil;&atilde;o para cada faixa indicativa de idade &#8211; e este &eacute; o ponto que mais desagradou os broadcasters. <\/p>\n<p>&nbsp;<img loading=\"lazy\" decoding=\"async\" style=\"width: 27px\" src=\"images\/stories\/politica_publicacoes\/c_invertido.png\" alt=\"Active Image\" width=\"27\" height=\"20\" \/><\/p>\n","protected":false},"excerpt":{"rendered":"<p>No hor\u00e1rio nobre desta ter\u00e7a-feira, 10, quando a TV Globo estreou as novas temporadas de seus programas de linha &#8216;Casseta &#038; Planeta &#8211; Urgente&#8217; e &#8216;A Diarista&#8217;, a emissora trouxe como novidade a indica\u00e7\u00e3o de faixa et\u00e1ria no in\u00edcio dos programas. <\/p>\n","protected":false},"author":1,"featured_media":0,"comment_status":"open","ping_status":"open","sticky":false,"template":"","format":"standard","meta":{"footnotes":""},"categories":[40],"tags":[147],"_links":{"self":[{"href":"https:\/\/obscom.intervozes.org.br\/index.php?rest_route=\/wp\/v2\/posts\/18171"}],"collection":[{"href":"https:\/\/obscom.intervozes.org.br\/index.php?rest_route=\/wp\/v2\/posts"}],"about":[{"href":"https:\/\/obscom.intervozes.org.br\/index.php?rest_route=\/wp\/v2\/types\/post"}],"author":[{"embeddable":true,"href":"https:\/\/obscom.intervozes.org.br\/index.php?rest_route=\/wp\/v2\/users\/1"}],"replies":[{"embeddable":true,"href":"https:\/\/obscom.intervozes.org.br\/index.php?rest_route=%2Fwp%2Fv2%2Fcomments&post=18171"}],"version-history":[{"count":0,"href":"https:\/\/obscom.intervozes.org.br\/index.php?rest_route=\/wp\/v2\/posts\/18171\/revisions"}],"wp:attachment":[{"href":"https:\/\/obscom.intervozes.org.br\/index.php?rest_route=%2Fwp%2Fv2%2Fmedia&parent=18171"}],"wp:term":[{"taxonomy":"category","embeddable":true,"href":"https:\/\/obscom.intervozes.org.br\/index.php?rest_route=%2Fwp%2Fv2%2Fcategories&post=18171"},{"taxonomy":"post_tag","embeddable":true,"href":"https:\/\/obscom.intervozes.org.br\/index.php?rest_route=%2Fwp%2Fv2%2Ftags&post=18171"}],"curies":[{"name":"wp","href":"https:\/\/api.w.org\/{rel}","templated":true}]}}