{"id":18165,"date":"2007-04-11T16:42:35","date_gmt":"2007-04-11T16:42:35","guid":{"rendered":"https:\/\/obscom.intervozes.org.br\/wordpress\/?p=18165"},"modified":"2007-04-11T16:42:35","modified_gmt":"2007-04-11T16:42:35","slug":"projeto-que-flexibiliza-fust-e-prioriza-educacao-e-aprovado-no-senado","status":"publish","type":"post","link":"https:\/\/obscom.intervozes.org.br\/?p=18165","title":{"rendered":"Projeto que flexibiliza Fust e prioriza educa\u00e7\u00e3o \u00e9 aprovado no Senado"},"content":{"rendered":"<p>A Comiss&atilde;o de Assuntos econ&ocirc;micos do Senado aprovou nesta ter&ccedil;a, 10, o PLS 103\/2007, do Senador Aloizio Mercadante (PT\/SP). Trata-se do projeto que muda a lei do Fust (Lei 9.998\/2000), prevendo que qualquer empresa de telecomunica&ccedil;&otilde;es, e n&atilde;o apenas as teles fixas, participem de projetos com recursos do fundo. <\/p>\n<p>Al&eacute;m disso, o projeto de Mercadante torna obrigat&oacute;ria, at&eacute; 2013, a universaliza&ccedil;&atilde;o do acesso &agrave; Internet em estabelecimentos de ensino de todo o pa&iacute;s (tanto estabelecimentos p&uacute;blicos como privados). <\/p>\n<p>Ficou estipulado que 75% dos recursos arrecadados pelo fundo entre 2008 e 2013 ser&atilde;o aplicados na implanta&ccedil;&atilde;o desse tipo de acesso em escolas, al&eacute;m de institui&ccedil;&otilde;es de sa&uacute;de e bibliotecas p&uacute;blicas. <\/p>\n<p>Foi aprovada tamb&eacute;m emenda do senador Cristovam Buarque (PDT-DF), prevendo um computador com acesso &agrave; Internet em cada escola, na propor&ccedil;&atilde;o de um para cada dez alunos, por turno escolar. <\/p>\n<p>A emenda de Cristovam Buarque tamb&eacute;m prev&ecirc; a garantia de recursos para a capacita&ccedil;&atilde;o dos profissionais de educa&ccedil;&atilde;o para o uso das novas tecnologias e o direcionamento de verbas paraa contrata&ccedil;&atilde;o de seguro contra furto de equipamentos e a instala&ccedil;&atilde;o de sistemas de prote&ccedil;&atilde;o contra oscila&ccedil;&otilde;es de corrente el&eacute;trica, informa a Ag&ecirc;ncia Senado.<\/p>\n<p>O projeto ir&aacute;, agora, para vota&ccedil;&atilde;o em Plen&aacute;rio e depois segue para a C&acirc;mara. <\/p>\n<p>&nbsp;<\/p>\n<p>&nbsp;<img loading=\"lazy\" decoding=\"async\" src=\"images\/stories\/politica_publicacoes\/c_normal.png\" alt=\"Active Image\" width=\"15\" height=\"15\" \/><\/p>\n<p>&nbsp;<\/p>\n","protected":false},"excerpt":{"rendered":"<p>A Comiss&atilde;o de Assuntos econ&ocirc;micos do Senado aprovou nesta ter&ccedil;a, 10, o PLS 103\/2007, do Senador Aloizio Mercadante (PT\/SP). Trata-se do projeto que muda a lei do Fust (Lei 9.998\/2000), prevendo que qualquer empresa de telecomunica&ccedil;&otilde;es, e n&atilde;o apenas as teles fixas, participem de projetos com recursos do fundo. Al&eacute;m disso, o projeto de Mercadante &hellip; <a href=\"https:\/\/obscom.intervozes.org.br\/?p=18165\" class=\"more-link\">Continue lendo <span class=\"screen-reader-text\">Projeto que flexibiliza Fust e prioriza educa\u00e7\u00e3o \u00e9 aprovado no Senado<\/span> <span class=\"meta-nav\">&rarr;<\/span><\/a><\/p>\n","protected":false},"author":1,"featured_media":0,"comment_status":"open","ping_status":"open","sticky":false,"template":"","format":"standard","meta":{"footnotes":""},"categories":[40],"tags":[135],"_links":{"self":[{"href":"https:\/\/obscom.intervozes.org.br\/index.php?rest_route=\/wp\/v2\/posts\/18165"}],"collection":[{"href":"https:\/\/obscom.intervozes.org.br\/index.php?rest_route=\/wp\/v2\/posts"}],"about":[{"href":"https:\/\/obscom.intervozes.org.br\/index.php?rest_route=\/wp\/v2\/types\/post"}],"author":[{"embeddable":true,"href":"https:\/\/obscom.intervozes.org.br\/index.php?rest_route=\/wp\/v2\/users\/1"}],"replies":[{"embeddable":true,"href":"https:\/\/obscom.intervozes.org.br\/index.php?rest_route=%2Fwp%2Fv2%2Fcomments&post=18165"}],"version-history":[{"count":0,"href":"https:\/\/obscom.intervozes.org.br\/index.php?rest_route=\/wp\/v2\/posts\/18165\/revisions"}],"wp:attachment":[{"href":"https:\/\/obscom.intervozes.org.br\/index.php?rest_route=%2Fwp%2Fv2%2Fmedia&parent=18165"}],"wp:term":[{"taxonomy":"category","embeddable":true,"href":"https:\/\/obscom.intervozes.org.br\/index.php?rest_route=%2Fwp%2Fv2%2Fcategories&post=18165"},{"taxonomy":"post_tag","embeddable":true,"href":"https:\/\/obscom.intervozes.org.br\/index.php?rest_route=%2Fwp%2Fv2%2Ftags&post=18165"}],"curies":[{"name":"wp","href":"https:\/\/api.w.org\/{rel}","templated":true}]}}