{"id":18164,"date":"2007-04-11T16:29:44","date_gmt":"2007-04-11T16:29:44","guid":{"rendered":"https:\/\/obscom.intervozes.org.br\/wordpress\/?p=18164"},"modified":"2007-04-11T16:29:44","modified_gmt":"2007-04-11T16:29:44","slug":"ministerio-publica-aviso-de-habilitacao-para-200-localidades","status":"publish","type":"post","link":"https:\/\/obscom.intervozes.org.br\/?p=18164","title":{"rendered":"Minist\u00e9rio publica aviso de habilita\u00e7\u00e3o para 200 localidades"},"content":{"rendered":"<p><span>Bras&iacute;lia &#8211; O Minist&eacute;rio das Comunica&ccedil;&otilde;es publicou hoje (10) no Di&aacute;rio Oficial da Uni&atilde;o um aviso de habilita&ccedil;&atilde;o para r&aacute;dios comunit&aacute;rias de quase 200 localidades situadas na &aacute;rea rural de 20 estados do pa&iacute;s. Entre as localidades est&atilde;o quilombos, assentamentos e aldeias ind&iacute;genas.<\/span><span>&nbsp;<\/p>\n<p><\/span><span>Segundo a assessoria de comunica&ccedil;&atilde;o do minist&eacute;rio, as 194 &aacute;reas selecionadas para receber as novas r&aacute;dios s&atilde;o atendidas pelo Programa Luz para Todos. <\/p>\n<p>No ato de aviso de habilita&ccedil;&atilde;o, o minist&eacute;rio destaca a import&acirc;ncia das r&aacute;dios comunit&aacute;rias como instrumentos de cidadania e democratiza&ccedil;&atilde;o dos meios de comunica&ccedil;&atilde;o.<\/span><span>&nbsp;<\/p>\n<p><\/span><span>Os interessados em habilitar uma r&aacute;dio comunit&aacute;ria t&ecirc;m 45 dias, a partir de hoje, para apresentar a documenta&ccedil;&atilde;o necess&aacute;ria e participar do processo de sele&ccedil;&atilde;o. &Eacute; preciso preencher um formul&aacute;rio dispon&iacute;vel no site do Minist&eacute;rio das Comunica&ccedil;&otilde;es e pagar uma taxa de R$ 20 em qualquer ag&ecirc;ncia do Banco do Brasil.<\/span><span>&nbsp;<\/span><span>Devem ser apresentadas c&oacute;pia de comprovante de inscri&ccedil;&atilde;o no Cadastro Nacional de Pessoas Jur&iacute;dicas (CNPJ), declara&ccedil;&atilde;o especificando o endere&ccedil;o completo da sede da entidade, prova de que os diretores s&atilde;o brasileiros natos ou naturalizados e uma declara&ccedil;&atilde;o, assinada por profissional habilitado ou pelo representante legal da entidade, confirmando as coordenadas geogr&aacute;ficas do local de instala&ccedil;&atilde;o da antena, em uma padroniza&ccedil;&atilde;o espec&iacute;fica.<\/span><span>&nbsp;<\/p>\n<p><\/span><span>Em mar&ccedil;o, terminou o prazo do aviso de habilita&ccedil;&atilde;o que estava aberto para a cidade de S&atilde;o Paulo, onde havia uma das maiores demandas por abertura de novas r&aacute;dios no pa&iacute;s. Agora, o Minist&eacute;rio das Comunica&ccedil;&atilde;o deve publicar um mapa com a localiza&ccedil;&atilde;o geogr&aacute;fica de todas as associa&ccedil;&otilde;es que pleiteiam a concess&atilde;o.<\/span><span>&nbsp;<\/p>\n<p><\/span><span>A inscri&ccedil;&atilde;o do novo aviso de habita&ccedil;&atilde;o aberto hoje poder&aacute; ser feita diretamente no edif&iacute;cio-sede do minist&eacute;rio ou via postal. Nesse caso, a documenta&ccedil;&atilde;o deve ser enviada &agrave; Secretaria de Servi&ccedil;os de Comunica&ccedil;&atilde;o Eletr&ocirc;nica do Minist&eacute;rio das Comunica&ccedil;&otilde;es, na Esplanada dos Minist&eacute;rios, Bloco R &#8211; Anexo-B, Sala 300, Cep: 70044-900, Bras&iacute;lia-DF.<\/span><span>&nbsp;<\/span> <\/p>\n<p style=\"margin: 0cm 0cm 0pt\" class=\"MsoNormal\"><span><br \/><\/span><\/p>\n<p style=\"margin: 0cm 0cm 0pt\" class=\"MsoNormal\">&nbsp;<\/p>\n<p style=\"margin: 0cm 0cm 0pt\" class=\"MsoNormal\">&nbsp;<\/p>\n<p><span>&nbsp;<img loading=\"lazy\" decoding=\"async\" style=\"width: 16px\" src=\"images\/stories\/politica_publicacoes\/c_invertido.png\" alt=\"Active Image\" width=\"16\" height=\"15\" \/><\/span><span>&nbsp;<\/span> <\/p>\n<p>&nbsp;<\/p>\n","protected":false},"excerpt":{"rendered":"<p>O Minist\u00e9rio das Comunica\u00e7\u00f5es publicou hoje (10) no Di\u00e1rio Oficial da Uni\u00e3o um aviso de habilita\u00e7\u00e3o para r\u00e1dios comunit\u00e1rias de quase 200 localidades situadas na \u00e1rea rural de 20 estados do pa\u00eds.<\/p>\n","protected":false},"author":1,"featured_media":0,"comment_status":"open","ping_status":"open","sticky":false,"template":"","format":"standard","meta":{"footnotes":""},"categories":[40],"tags":[155],"_links":{"self":[{"href":"https:\/\/obscom.intervozes.org.br\/index.php?rest_route=\/wp\/v2\/posts\/18164"}],"collection":[{"href":"https:\/\/obscom.intervozes.org.br\/index.php?rest_route=\/wp\/v2\/posts"}],"about":[{"href":"https:\/\/obscom.intervozes.org.br\/index.php?rest_route=\/wp\/v2\/types\/post"}],"author":[{"embeddable":true,"href":"https:\/\/obscom.intervozes.org.br\/index.php?rest_route=\/wp\/v2\/users\/1"}],"replies":[{"embeddable":true,"href":"https:\/\/obscom.intervozes.org.br\/index.php?rest_route=%2Fwp%2Fv2%2Fcomments&post=18164"}],"version-history":[{"count":0,"href":"https:\/\/obscom.intervozes.org.br\/index.php?rest_route=\/wp\/v2\/posts\/18164\/revisions"}],"wp:attachment":[{"href":"https:\/\/obscom.intervozes.org.br\/index.php?rest_route=%2Fwp%2Fv2%2Fmedia&parent=18164"}],"wp:term":[{"taxonomy":"category","embeddable":true,"href":"https:\/\/obscom.intervozes.org.br\/index.php?rest_route=%2Fwp%2Fv2%2Fcategories&post=18164"},{"taxonomy":"post_tag","embeddable":true,"href":"https:\/\/obscom.intervozes.org.br\/index.php?rest_route=%2Fwp%2Fv2%2Ftags&post=18164"}],"curies":[{"name":"wp","href":"https:\/\/api.w.org\/{rel}","templated":true}]}}