{"id":18162,"date":"2007-04-11T15:41:12","date_gmt":"2007-04-11T15:41:12","guid":{"rendered":"https:\/\/obscom.intervozes.org.br\/wordpress\/?p=18162"},"modified":"2007-04-11T15:41:12","modified_gmt":"2007-04-11T15:41:12","slug":"lei-geral-nao-pode-passar-de-2008-diz-secretario-do-minc","status":"publish","type":"post","link":"https:\/\/obscom.intervozes.org.br\/?p=18162","title":{"rendered":"Lei Geral n\u00e3o pode passar de 2008, diz secret\u00e1rio do Minc"},"content":{"rendered":"<p><em>Em entrevista &agrave; Carta Maior &#8211; em parceria com o Cultura e Mercado -, o secret&aacute;rio do Audiovisual do Minist&eacute;rio da Cultura, Orlando Senna, lembra das ofensivas da imprensa contra o projeto da Ancinav, que apontava marcos de regula&ccedil;&atilde;o das converg&ecirc;ncias tecnol&oacute;gicas, e acredita que &ldquo;a necessidade pela regula&ccedil;&atilde;o do setor falar&aacute; mais alto neste ano&rdquo;.<\/em><\/p>\n<p>A regula&ccedil;&atilde;o do setor da comunica&ccedil;&atilde;o est&aacute; de volta &agrave; ordem do dia. Depois das declara&ccedil;&otilde;es do ministro das Comunica&ccedil;&otilde;es H&eacute;lio Costa sobre a cria&ccedil;&atilde;o de uma &ldquo;rede p&uacute;blica&rdquo; (leia-se estatal) e sobre suas propostas de cria&ccedil;&atilde;o de uma Lei Geral de Comunica&ccedil;&otilde;es, a sociedade civil recolocou em discuss&atilde;o a necessidade de democratiza&ccedil;&atilde;o dos meios de produ&ccedil;&atilde;o e difus&atilde;o dos conte&uacute;dos e a constitui&ccedil;&atilde;o do sistema p&uacute;blico de radiodifus&atilde;o previsto na Constitui&ccedil;&atilde;o.<\/p>\n<p>Em entrevista &agrave; Carta Maior &#8211; em parceria com o Cultura e Mercado -, o secret&aacute;rio do Audiovisual do Minist&eacute;rio da Cultura, Orlando Senna, lembra das ofensivas da imprensa contra o projeto da Ancinav (Ag&ecirc;ncia Nacional de Cinema e do Audiovisual), que apontava marcos de regula&ccedil;&atilde;o das converg&ecirc;ncias tecnol&oacute;gicas, e acredita que &ldquo;a necessidade pela regula&ccedil;&atilde;o do setor falar&aacute; mais alto neste ano&rdquo;.<\/p>\n<p>H&eacute;lio Costa j&aacute; anunciou que sua pasta deve apresentar at&eacute; julho uma proposta para avalia&ccedil;&atilde;o no governo que, em seguida, deve ser encaminhada aos parlamentares. A &ldquo;bancada&rdquo; da radiodifus&atilde;o tem peso na Casa, a rec&eacute;m-criada frente parlamentar j&aacute; conta com mais de 120 assinaturas, e tem membros &ldquo;org&acirc;nicos&rdquo; do setor.<\/p>\n<p>A Frente Nacional por um Sistema Democr&aacute;tico de R&aacute;dio e TV Digital, reunida no Clube de Engenharia do Rio de Janeiro nos &uacute;ltimos dias 15 e 16 de mar&ccedil;o, reafirmou o compromisso expresso em sua funda&ccedil;&atilde;o e questiona a pol&iacute;tica estabelecida pelo governo Lula para o setor de Comunica&ccedil;&otilde;es, especialmente no que se refere &agrave; implanta&ccedil;&atilde;o da tecnologia digital no Pa&iacute;s.<\/p>\n<p>Em entrevista ao site da Abert (que defende os interesses dos grandes radiodifusores), H&eacute;lio Costa prometeu uma minuta da Lei Geral at&eacute; julho. Esta proposta deve ser entregue &agrave; Casa Civil, posteriormente &agrave; Presid&ecirc;ncia da Rep&uacute;blica, que deve encaminhar um Projeto de Lei ao Congresso Nacional. No Congresso, H&eacute;lio Costa acredita que o projeto &ldquo;vai ter um ano ou at&eacute; mais de discuss&atilde;o&rdquo;.<\/p>\n<p>H&eacute;lio Costa defendeu claramente seu favorecimento &agrave;s empresas de radiodifus&atilde;o: &ldquo;a radiodifus&atilde;o &eacute; mais antiga, a radiodifus&atilde;o &eacute; uma empresa nacional, a radiodifus&atilde;o &eacute; uma empresa que vem h&aacute; 50 anos prestando um enorme servi&ccedil;o no r&aacute;dio a na televis&atilde;o para a popula&ccedil;&atilde;o brasileira&rdquo;, enquanto &ldquo;o telefone &eacute; mais moderno, o telefone n&atilde;o tem limites para investimentos com capital estrangeiro&rdquo;. Por fim, afirma que &ldquo;temos que defender a ind&uacute;stria nacional, e a ind&uacute;stria nacional &eacute; a radiodifus&atilde;o&rdquo;.<\/p>\n<p>O Minist&eacute;rio da Cultura, que faz parte do grupo interministerial criado para construir uma proposta de Lei Geral para o setor, desde a primeira gest&atilde;o do governo Lula, demonstra diverg&ecirc;ncias com o Minist&eacute;rio das Comunica&ccedil;&otilde;es. O projeto da Ancinav, apresentado pelo MinC em 2004 e retirado da pauta pelo governo ap&oacute;s linchamento dos grandes meios de comunica&ccedil;&atilde;o, clarearam a inten&ccedil;&atilde;o dos donos da m&iacute;dia contra qualquer tipo de regulamenta&ccedil;&atilde;o para a comunica&ccedil;&atilde;o.<\/p>\n<p>&ldquo;Hoje a Ancine (Ag&ecirc;ncia Nacioinal de Cinema, que seria incorporada pela Ancinav) est&aacute; plenamente instalada e pronta para regular o setor quando assim se decidir. Mas &eacute; preciso mais vontade pol&iacute;tica&rdquo;, aponta Orlando Senna, que destaca como ponto fundamental para novos marcos regulat&oacute;rios o momento de implanta&ccedil;&atilde;o da TV Digital. &ldquo;Com a legisla&ccedil;&atilde;o que temos hoje, &eacute; imposs&iacute;vel instalar a TV Digital. N&atilde;o existem regras claras nem para os meios e as converg&ecirc;ncias que existem. Precisamos de uma legisla&ccedil;&atilde;o clara, est&aacute;vel e democr&aacute;tica&rdquo;.<\/p>\n<p>Outros especialistas consultados pela Carta Maior j&aacute; apontaram que a guerra entre empresas de radiodifus&atilde;o e de telecomunica&ccedil;&otilde;es e um poss&iacute;vel &ldquo;empurr&atilde;o&rdquo; do governo federal devem fazer deslanchar a t&atilde;o adiada Lei Geral de Comunica&ccedil;&otilde;es ainda este ano (<a href=\"http:\/\/cartamaior.uol.com.br\/templates\/materiaMostrar.cfm?materia_id=13775\" target=\"_blank\">Leia reportagem aqui<\/a>).<\/p>\n<p>Senna, no entanto, acredita que &ldquo;a conversa dever&aacute; vir em outro tom&rdquo;, j&aacute; que as necessidades de regula&ccedil;&atilde;o tornaram-se mais evidentes e todos os interesses est&atilde;o voltados para isso. &ldquo;As teles est&atilde;o mais atentas e os radiodifusores v&atilde;o querer segurar seu fil&eacute;. E a sociedade est&aacute; participando mais do debate. Agora, n&atilde;o podemos ultrapassar 2008 sem um novo marco regulat&oacute;rio&rdquo;, pontua o secret&aacute;rio.<\/p>\n<p><img loading=\"lazy\" decoding=\"async\" style=\"width: 22px\" src=\"images\/stories\/politica_publicacoes\/c_invertido.png\" alt=\"Active Image\" width=\"22\" height=\"19\" \/><\/p>\n","protected":false},"excerpt":{"rendered":"<p>Em entrevista \u00e0 Carta Maior &#8211; em parceria com o Cultura e Mercado -, o secret\u00e1rio do Audiovisual do Minist\u00e9rio da Cultura, Orlando Senna, lembra das ofensivas da imprensa contra o projeto da Ancinav. <\/p>\n","protected":false},"author":1,"featured_media":0,"comment_status":"open","ping_status":"open","sticky":false,"template":"","format":"standard","meta":{"footnotes":""},"categories":[40],"tags":[85],"_links":{"self":[{"href":"https:\/\/obscom.intervozes.org.br\/index.php?rest_route=\/wp\/v2\/posts\/18162"}],"collection":[{"href":"https:\/\/obscom.intervozes.org.br\/index.php?rest_route=\/wp\/v2\/posts"}],"about":[{"href":"https:\/\/obscom.intervozes.org.br\/index.php?rest_route=\/wp\/v2\/types\/post"}],"author":[{"embeddable":true,"href":"https:\/\/obscom.intervozes.org.br\/index.php?rest_route=\/wp\/v2\/users\/1"}],"replies":[{"embeddable":true,"href":"https:\/\/obscom.intervozes.org.br\/index.php?rest_route=%2Fwp%2Fv2%2Fcomments&post=18162"}],"version-history":[{"count":0,"href":"https:\/\/obscom.intervozes.org.br\/index.php?rest_route=\/wp\/v2\/posts\/18162\/revisions"}],"wp:attachment":[{"href":"https:\/\/obscom.intervozes.org.br\/index.php?rest_route=%2Fwp%2Fv2%2Fmedia&parent=18162"}],"wp:term":[{"taxonomy":"category","embeddable":true,"href":"https:\/\/obscom.intervozes.org.br\/index.php?rest_route=%2Fwp%2Fv2%2Fcategories&post=18162"},{"taxonomy":"post_tag","embeddable":true,"href":"https:\/\/obscom.intervozes.org.br\/index.php?rest_route=%2Fwp%2Fv2%2Ftags&post=18162"}],"curies":[{"name":"wp","href":"https:\/\/api.w.org\/{rel}","templated":true}]}}