{"id":18161,"date":"2007-04-11T15:26:51","date_gmt":"2007-04-11T15:26:51","guid":{"rendered":"https:\/\/obscom.intervozes.org.br\/wordpress\/?p=18161"},"modified":"2007-04-11T15:26:51","modified_gmt":"2007-04-11T15:26:51","slug":"tv-cultura-retoma-dramaturgia-com-diretores-de-teatro","status":"publish","type":"post","link":"https:\/\/obscom.intervozes.org.br\/?p=18161","title":{"rendered":"TV Cultura retoma dramaturgia com diretores de teatro"},"content":{"rendered":"<p>Ap&oacute;s 30 anos sem produ&ccedil;&atilde;o de teledramaturgia, a TV Cultura anuncia para este ano o desenvolvimento de um projeto nessa &aacute;rea com a colabora&ccedil;&atilde;o de Antunes Filho. O objetivo final &eacute; encontrar uma nova linguagem para a teledramaturgia brasileira. &ldquo;As TVs comerciais ganharam muito espa&ccedil;o nessa &aacute;rea. Elas cresceram, contrataram profissionais experientes e se modernizaram. Isso n&atilde;o aconteceu com a TV p&uacute;blica&rdquo;, afirma Marcos Mendon&ccedil;a, presidente da Funda&ccedil;&atilde;o Padre Anchieta, mantenedora da TV Cultura.<\/p>\n<p>Realizado em parceria com o Sesc, o projeto contar&aacute; inicialmente com a participa&ccedil;&atilde;o de 16 diretores de teatro, estreantes em televis&atilde;o. Cada um ficar&aacute; respons&aacute;vel pela dire&ccedil;&atilde;o de uma obra de sua escolha, de 30 minutos &ndash; aos quais ser&atilde;o adicionados cerca de 15 minutos de making of &ndash;, a ser realizada em est&uacute;dio ou em loca&ccedil;&atilde;o. Ser&atilde;o exibidos dois programas juntos, completando uma hora e meia de programa&ccedil;&atilde;o. A id&eacute;ia &eacute; que os projetos sejam formas de experimenta&ccedil;&atilde;o para esses diretores. &ldquo;Em uma segunda fase, os profissionais que mais se adequarem &agrave; televis&atilde;o ser&atilde;o selecionados para a realiza&ccedil;&atilde;o de teleteatros completos, de uma hora e meia&rdquo;, explica Analy Alvarez, coordenadora do N&uacute;cleo de Dramaturgia da TV Cultura, que ressurge com o projeto.<\/p>\n<p>A sele&ccedil;&atilde;o foi feita pela TV Cultura, a partir dos nomes indicados por Antunes Filho. Al&eacute;m da exibi&ccedil;&atilde;o pela Cultura, as obras poder&atilde;o ser vistas tamb&eacute;m na SescTV, que fornece apoio conceitual ao projeto e prepara um programa para debater dramaturgia. O Sesc foi escolhido como parceiro, entre outros motivos, por possuir know-how em teatro. A TV Cultura tem financiado com recursos pr&oacute;prios as primeiras produ&ccedil;&otilde;es, com a coordena&ccedil;&atilde;o do N&uacute;cleo de Dramaturgia. A primeira fase do projeto deve ir ao ar de julho a agosto, e a segunda, em setembro. <\/p>\n<p><img loading=\"lazy\" decoding=\"async\" style=\"width: 24px\" src=\"images\/stories\/politica_publicacoes\/c_invertido.png\" alt=\"Active Image\" width=\"24\" height=\"20\" \/><\/p>\n","protected":false},"excerpt":{"rendered":"<p>Ap\u00f3s 30 anos sem produ\u00e7\u00e3o de teledramaturgia, a TV Cultura anuncia para este ano o desenvolvimento de um projeto nessa \u00e1rea com a colabora\u00e7\u00e3o de Antunes Filho. O objetivo final \u00e9 encontrar uma nova linguagem para a teledramaturgia brasileira.<\/p>\n","protected":false},"author":1,"featured_media":0,"comment_status":"open","ping_status":"open","sticky":false,"template":"","format":"standard","meta":{"footnotes":""},"categories":[40],"tags":[86],"_links":{"self":[{"href":"https:\/\/obscom.intervozes.org.br\/index.php?rest_route=\/wp\/v2\/posts\/18161"}],"collection":[{"href":"https:\/\/obscom.intervozes.org.br\/index.php?rest_route=\/wp\/v2\/posts"}],"about":[{"href":"https:\/\/obscom.intervozes.org.br\/index.php?rest_route=\/wp\/v2\/types\/post"}],"author":[{"embeddable":true,"href":"https:\/\/obscom.intervozes.org.br\/index.php?rest_route=\/wp\/v2\/users\/1"}],"replies":[{"embeddable":true,"href":"https:\/\/obscom.intervozes.org.br\/index.php?rest_route=%2Fwp%2Fv2%2Fcomments&post=18161"}],"version-history":[{"count":0,"href":"https:\/\/obscom.intervozes.org.br\/index.php?rest_route=\/wp\/v2\/posts\/18161\/revisions"}],"wp:attachment":[{"href":"https:\/\/obscom.intervozes.org.br\/index.php?rest_route=%2Fwp%2Fv2%2Fmedia&parent=18161"}],"wp:term":[{"taxonomy":"category","embeddable":true,"href":"https:\/\/obscom.intervozes.org.br\/index.php?rest_route=%2Fwp%2Fv2%2Fcategories&post=18161"},{"taxonomy":"post_tag","embeddable":true,"href":"https:\/\/obscom.intervozes.org.br\/index.php?rest_route=%2Fwp%2Fv2%2Ftags&post=18161"}],"curies":[{"name":"wp","href":"https:\/\/api.w.org\/{rel}","templated":true}]}}