{"id":18155,"date":"2007-04-11T11:18:28","date_gmt":"2007-04-11T11:18:28","guid":{"rendered":"https:\/\/obscom.intervozes.org.br\/wordpress\/?p=18155"},"modified":"2007-04-11T11:18:28","modified_gmt":"2007-04-11T11:18:28","slug":"ao-senado-bedran-ressalta-papel-do-governo-na-formulacao-politica","status":"publish","type":"post","link":"https:\/\/obscom.intervozes.org.br\/?p=18155","title":{"rendered":"Ao Senado, Bedran ressalta papel do governo na formula\u00e7\u00e3o pol\u00edtica"},"content":{"rendered":"<p><span>Ant&ocirc;nio Domingos Bedran, atual procurador da Anatel, foi sabatinado nesta ter&ccedil;a, 10, na Comiss&atilde;o de Infra-estrutura do Senado e seu nome foi aprovado por unanimidade (23 votos) para ocupar uma vaga no conselho diretor da ag&ecirc;ncia.<\/span><span>&nbsp;<\/span><span>&nbsp;<\/p>\n<p><\/span><span>Durante seu pronunciamento aos senadores, Bedran buscou destacar a necessidade de esfor&ccedil;os do governo, como formulador de pol&iacute;ticas, e da Anatel, como executora, principalmente nas quest&otilde;es de inclus&atilde;o digital, banda larga, aplica&ccedil;&otilde;es dos recursos do Fust e altera&ccedil;&atilde;o e adequa&ccedil;&atilde;o do marco regulat&oacute;rio atual, inclusive no tocante &agrave; radiodifus&atilde;o. Segundo Bedran, n&atilde;o &eacute; mais poss&iacute;vel que se conviva com um ambiente normativo t&atilde;o discrepante.<\/span><span>&nbsp;<\/span><span>&nbsp;<\/p>\n<p><\/span><span>Ali&aacute;s, a t&ocirc;nica dos discursos de Ant&ocirc;nio Bedran, em v&aacute;rios momentos, foi no sentido de deixar claro que a Anatel n&atilde;o far&aacute; pol&iacute;ticas. &quot;A Anatel jamais ser&aacute; titular de pol&iacute;ticas. Ser&aacute;, sim, um ve&iacute;culo de execu&ccedil;&atilde;o&quot;, disse, alinhando-se assim &agrave; grande preocupa&ccedil;&atilde;o do ministro H&eacute;lio Costa (ali&aacute;s, patrono de sua indica&ccedil;&atilde;o), que &eacute; justamente o fato de a Anatel decidir, em alguns momentos, quest&otilde;es que o ministro entende ser pol&iacute;ticas.<\/span><span>&nbsp;<br \/><\/span><span><strong><br \/>Teste de fogo<\/strong><\/span><span>&nbsp;<br \/><\/span><span>O primeiro teste sobre esta quest&atilde;o foi colocado a Ant&ocirc;nio Bedran pelo senador Her&aacute;clito Fortes (DEM\/PI), em rela&ccedil;&atilde;o &agrave; possibilidade de fus&atilde;o entre Brasil Telecom e Telemar. Segundo Bedran, para que a fus&atilde;o seja realizada seria necess&aacute;ria uma altera&ccedil;&atilde;o na Lei Geral de Telecomunica&ccedil;&otilde;es, e n&atilde;o apenas no Plano Geral de Outorgas. &quot;O PGO expressa uma diretriz pol&iacute;tica colocada na lei, por aquele modelo de competi&ccedil;&atilde;o. Para mudar tem que passar pelo crivo dos senhores senadores e deputados, para que se avaliem as contrapartidas para a sociedade&quot;. Mais tarde, em conversa com os jornalistas, Bedran n&atilde;o especificou em que artigo da Lei Geral haveria problema. Disse que a mudan&ccedil;a seria necess&aacute;ria por conta do &quot;esp&iacute;rito da lei&quot; e, segundo ele, cabe ao governo tomar essa decis&atilde;o. &quot;Se o governo avaliar que juridicamente a lei pode ficar como est&aacute; e se entender que politicamente &eacute; poss&iacute;vel mexer no modelo colocado no PGO, a Anatel ir&aacute; executar&quot;.<\/span><span>Outro ponto de teste durante a sabatina foi a quest&atilde;o do controle nacional sobre as empresas de telecomunica&ccedil;&otilde;es. &quot;Se olharmos o panorama atual, entre as teles fixas a &uacute;nica 100% nacional &eacute; a Telemar. Tenho certeza de que o conselho diretor da Anatel tem plena consci&ecirc;ncia de tudo isso (sobre a presen&ccedil;a de grupos estrangeiros no Brasil) e se houver aceno do governo sobre isso os conselheiros haver&atilde;o de propor medidas para privilegiar o capital brasileiro&quot;.<\/p>\n<p><\/span><span>Provocado pelo senador Wellington Salgado (PMDB\/MG) sobre a presen&ccedil;a das empresas de telecomunica&ccedil;&otilde;es na produ&ccedil;&atilde;o de conte&uacute;do, Bedran voltou a defender uma legisla&ccedil;&atilde;o &quot;guarda-chuva&quot;, que abrigaria estas situa&ccedil;&otilde;es impostas pela converg&ecirc;ncia, mas lembrou que, antes disso, os setores de telecomunica&ccedil;&otilde;es e comunica&ccedil;&otilde;es poderiam se beneficiar por meio de parcerias, fus&otilde;es e incorpora&ccedil;&otilde;es.<\/span><span>&nbsp;<\/p>\n<p><\/span><span><strong>Alinhados<\/strong><\/span><span>&nbsp;<br \/><\/span><span>Al&eacute;m de Bedran, tamb&eacute;m os conselheiros da Anatel Pedro Jaime Ziller, Pl&iacute;nio de Aguiar J&uacute;nior (presidente), presentes &agrave; sess&atilde;o no Senado, deram suas opini&otilde;es sobre a quest&atilde;o da fus&atilde;o. Ambos disseram que acreditam que a orienta&ccedil;&atilde;o pol&iacute;tica precisa vir do governo.<\/span><span>&nbsp;<\/p>\n<p><\/span><span><strong>Elogios e cr&iacute;ticas<\/strong><\/span><span>&nbsp;<br \/><\/span><span>O nome de Bedran foi efusivamente elogiado pelos senadores da Comiss&atilde;o de Infra-estrutura do Senado, inclusive pelos da oposi&ccedil;&atilde;o. O pr&oacute;prio senador Her&aacute;clito Fortes, um dos principais l&iacute;deres da oposi&ccedil;&atilde;o (e que ganhou alguma circula&ccedil;&atilde;o no meio de telecomunica&ccedil;&otilde;es ao defender os interesses de Daniel Dantas no Congresso), disse que havia pessoalmente solicitado a relatoria do processo de aprova&ccedil;&atilde;o de Ant&ocirc;nio Bedran em fun&ccedil;&atilde;o do &quot;respeito e amizade&quot;.<\/span><span>&nbsp;<\/p>\n<p><\/span><span>Wellington Salgado chegou a criticar os parlamentares do PT, ausentes na sabatina. &quot;O partido do presidente deveria fazer como o presidente: aquilo que &eacute; bom para o Pa&iacute;s, independente do partido&quot;, disse Salgado, ao se referir ao pouco interesse dos senadores petistas no nome do conselheiro Bedran. <\/span><\/p>\n<p>Samuel Possebon &#8211; TELA VIVA News<\/p>\n<p><img loading=\"lazy\" decoding=\"async\" style=\"width: 26px\" src=\"images\/stories\/politica_publicacoes\/c_normal.png\" alt=\"Active Image\" width=\"26\" height=\"19\" \/><\/p>\n","protected":false},"excerpt":{"rendered":"<p>Ant&ocirc;nio Domingos Bedran, atual procurador da Anatel, foi sabatinado nesta ter&ccedil;a, 10, na Comiss&atilde;o de Infra-estrutura do Senado e seu nome foi aprovado por unanimidade (23 votos) para ocupar uma vaga no conselho diretor da ag&ecirc;ncia.&nbsp;&nbsp; Durante seu pronunciamento aos senadores, Bedran buscou destacar a necessidade de esfor&ccedil;os do governo, como formulador de pol&iacute;ticas, e &hellip; <a href=\"https:\/\/obscom.intervozes.org.br\/?p=18155\" class=\"more-link\">Continue lendo <span class=\"screen-reader-text\">Ao Senado, Bedran ressalta papel do governo na formula\u00e7\u00e3o pol\u00edtica<\/span> <span class=\"meta-nav\">&rarr;<\/span><\/a><\/p>\n","protected":false},"author":1,"featured_media":0,"comment_status":"open","ping_status":"open","sticky":false,"template":"","format":"standard","meta":{"footnotes":""},"categories":[40],"tags":[152],"_links":{"self":[{"href":"https:\/\/obscom.intervozes.org.br\/index.php?rest_route=\/wp\/v2\/posts\/18155"}],"collection":[{"href":"https:\/\/obscom.intervozes.org.br\/index.php?rest_route=\/wp\/v2\/posts"}],"about":[{"href":"https:\/\/obscom.intervozes.org.br\/index.php?rest_route=\/wp\/v2\/types\/post"}],"author":[{"embeddable":true,"href":"https:\/\/obscom.intervozes.org.br\/index.php?rest_route=\/wp\/v2\/users\/1"}],"replies":[{"embeddable":true,"href":"https:\/\/obscom.intervozes.org.br\/index.php?rest_route=%2Fwp%2Fv2%2Fcomments&post=18155"}],"version-history":[{"count":0,"href":"https:\/\/obscom.intervozes.org.br\/index.php?rest_route=\/wp\/v2\/posts\/18155\/revisions"}],"wp:attachment":[{"href":"https:\/\/obscom.intervozes.org.br\/index.php?rest_route=%2Fwp%2Fv2%2Fmedia&parent=18155"}],"wp:term":[{"taxonomy":"category","embeddable":true,"href":"https:\/\/obscom.intervozes.org.br\/index.php?rest_route=%2Fwp%2Fv2%2Fcategories&post=18155"},{"taxonomy":"post_tag","embeddable":true,"href":"https:\/\/obscom.intervozes.org.br\/index.php?rest_route=%2Fwp%2Fv2%2Ftags&post=18155"}],"curies":[{"name":"wp","href":"https:\/\/api.w.org\/{rel}","templated":true}]}}