{"id":18147,"date":"2007-04-10T11:13:55","date_gmt":"2007-04-10T11:13:55","guid":{"rendered":"https:\/\/obscom.intervozes.org.br\/wordpress\/?p=18147"},"modified":"2007-04-10T11:13:55","modified_gmt":"2007-04-10T11:13:55","slug":"ministro-diz-que-emissoras-nao-podem-fazer-multiprogramacao","status":"publish","type":"post","link":"https:\/\/obscom.intervozes.org.br\/?p=18147","title":{"rendered":"Ministro diz que emissoras n\u00e3o podem fazer multiprograma\u00e7\u00e3o"},"content":{"rendered":"<p><span>O ministro das Comunica&ccedil;&otilde;es, H&eacute;lio Costa, disse que, no momento, nenhuma das transmiss&otilde;es de TV digital poder&aacute; fazer multiprograma&ccedil;&atilde;o, ou seja, aproveitar o espectro dispon&iacute;vel para, al&eacute;m do canal digital &quot;espelho&quot; do anal&oacute;gico, transmitir tamb&eacute;m outros canais com conte&uacute;dos diferenciados. Tecnicamente, com a compress&atilde;o MPEG 4 (adotada pelo padr&atilde;o brasileiro), at&eacute; oito canais poderiam ser transmitidos no canal digital de 6 MHz. &quot;Nosso entendimento &eacute; que as emissoras t&ecirc;m que oferecer o que est&aacute; no ar hoje, na forma anal&oacute;gica, no novo canal digital. Para transmitir outras programa&ccedil;&otilde;es, precisa de autoriza&ccedil;&atilde;o do minist&eacute;rio&quot;, disse Costa, ap&oacute;s solenidade de assinatura dos termos de consigna&ccedil;&atilde;o dos canais adicionais de 6 MHz que ser&atilde;o utilizados para a migra&ccedil;&atilde;o em S&atilde;o Paulo.<\/p>\n<p><\/span><span>&Eacute; a primeira vez que H&eacute;lio Costa se posiciona sobre esse tema. Algumas emissoras de televis&atilde;o tamb&eacute;m entendem que n&atilde;o seria saud&aacute;vel, nesse momento, que houvesse uma multiplica&ccedil;&atilde;o dos canais (e conte&uacute;dos) dispon&iacute;veis, sob risco de que haja pulveriza&ccedil;&atilde;o da audi&ecirc;ncia. No entanto, o decreto 5.820\/2006, que criou as condi&ccedil;&otilde;es de transi&ccedil;&atilde;o, &eacute; omisso em rela&ccedil;&atilde;o &agrave; multiprograma&ccedil;&atilde;o das redes comerciais (s&oacute; fala explicitamente sobre o tema em rela&ccedil;&atilde;o aos canais p&uacute;blicos), o que, segundo advogados, pode ser entendido como um sinal verde, j&aacute; que n&atilde;o haveria veda&ccedil;&atilde;o. Vale lembrar ainda que o decreto 4.901\/2003, que estabeleceu a pol&iacute;tica de TV digital, falava em &quot;estimular a evolu&ccedil;&atilde;o das atuais exploradoras de servi&ccedil;o de televis&atilde;o anal&oacute;gica, bem assim o ingresso de novas empresas&quot;.<\/p>\n<p><\/span><span>Segundo fontes do Minist&eacute;rio das Comunica&ccedil;&otilde;es, o assunto &eacute; realmente delicado e existem argumentos, na legisla&ccedil;&atilde;o, que poderiam impedir que uma mesma emissora operasse dois ou mais canais com conte&uacute;dos diferentes em uma mesma localidade. &quot;Vale lembrar que a radiodifus&atilde;o &eacute; caracterizada pela recep&ccedil;&atilde;o livre e direta para o p&uacute;blico em geral. Se s&oacute; quem tem o set-top de TV digital conseguir ver um canal, ent&atilde;o n&atilde;o ser&aacute; recep&ccedil;&atilde;o livre e direta para o p&uacute;blico em geral&quot;, diz a mesma fonte, que imediatamente coloca um contra-argumeto. &quot;V&atilde;o dizer que no come&ccedil;o das transmiss&otilde;es em FM tamb&eacute;m foi assim: s&oacute; pegava o sinal quem tinha r&aacute;dio FM. E &eacute; verdade, por isso a discuss&atilde;o &eacute; complicada&quot;. Vale lembrar tamb&eacute;m que o governo n&atilde;o pode ser conivente com o uso ineficiente do espectro.<\/p>\n<p><\/span><span>O Minist&eacute;rio das Comunica&ccedil;&otilde;es recebeu apenas a indica&ccedil;&atilde;o de um radiodifusor, da cidade de S&atilde;o Paulo, que est&aacute; declaradamente disposto a investir em multiprograma&ccedil;&atilde;o: foi o grupo Abril, acionista da MTV. Segundo fontes do Minicom, provavelmente ser&aacute; a partir de uma manifesta&ccedil;&atilde;o oficial da Abril que o minist&eacute;rio ser&aacute; for&ccedil;ado a se manifestar e decidir sobre o problema.<\/span><span>&nbsp;<\/p>\n<p><\/span><span><strong>Consigna&ccedil;&otilde;es<\/strong><\/span><span>&nbsp;<\/span> <\/p>\n<p style=\"margin: 0cm 0cm 0pt\" class=\"MsoNormal\"><span>Nesta segunda, 9, o Minist&eacute;rio das Comunica&ccedil;&otilde;es celebrou com os grupos Rede TV!, Funda&ccedil;&atilde;o Padre Anchieta (TV Cultura), Rede 21, TV SBT, Rede Bandeirantes, Rede Record, Abril (MTV), Rede Globo, TV Gazeta e CBI (MixTV) o termo de consigna&ccedil;&atilde;o do canal adicional de 6 MHz. &quot;A partir de agora eles podem colocar o sinal no ar, o que deve acontecer em julho, sendo obrigat&oacute;ria a transmiss&atilde;o digital a partir de dezembro na cidade de S&atilde;o Paulo&quot;, disse H&eacute;lio Costa. <\/p>\n<p><\/span><\/p>\n<p style=\"margin: 0cm 0cm 0pt\" class=\"MsoNormal\"><span>Samuel Possebon &#8211; TELA VIVA News<\/span><\/p>\n<p style=\"margin: 0cm 0cm 0pt\" class=\"MsoNormal\">&nbsp;<\/p>\n<p><span><font size=\"3\"><img loading=\"lazy\" decoding=\"async\" style=\"width: 22px\" src=\"images\/stories\/politica_publicacoes\/c_normal.png\" alt=\"Active Image\" width=\"22\" height=\"19\" \/><\/font><\/span><\/p>\n","protected":false},"excerpt":{"rendered":"<p>O ministro das Comunica&ccedil;&otilde;es, H&eacute;lio Costa, disse que, no momento, nenhuma das transmiss&otilde;es de TV digital poder&aacute; fazer multiprograma&ccedil;&atilde;o, ou seja, aproveitar o espectro dispon&iacute;vel para, al&eacute;m do canal digital &quot;espelho&quot; do anal&oacute;gico, transmitir tamb&eacute;m outros canais com conte&uacute;dos diferenciados. Tecnicamente, com a compress&atilde;o MPEG 4 (adotada pelo padr&atilde;o brasileiro), at&eacute; oito canais poderiam ser &hellip; <a href=\"https:\/\/obscom.intervozes.org.br\/?p=18147\" class=\"more-link\">Continue lendo <span class=\"screen-reader-text\">Ministro diz que emissoras n\u00e3o podem fazer multiprograma\u00e7\u00e3o<\/span> <span class=\"meta-nav\">&rarr;<\/span><\/a><\/p>\n","protected":false},"author":1,"featured_media":0,"comment_status":"open","ping_status":"open","sticky":false,"template":"","format":"standard","meta":{"footnotes":""},"categories":[40],"tags":[86],"_links":{"self":[{"href":"https:\/\/obscom.intervozes.org.br\/index.php?rest_route=\/wp\/v2\/posts\/18147"}],"collection":[{"href":"https:\/\/obscom.intervozes.org.br\/index.php?rest_route=\/wp\/v2\/posts"}],"about":[{"href":"https:\/\/obscom.intervozes.org.br\/index.php?rest_route=\/wp\/v2\/types\/post"}],"author":[{"embeddable":true,"href":"https:\/\/obscom.intervozes.org.br\/index.php?rest_route=\/wp\/v2\/users\/1"}],"replies":[{"embeddable":true,"href":"https:\/\/obscom.intervozes.org.br\/index.php?rest_route=%2Fwp%2Fv2%2Fcomments&post=18147"}],"version-history":[{"count":0,"href":"https:\/\/obscom.intervozes.org.br\/index.php?rest_route=\/wp\/v2\/posts\/18147\/revisions"}],"wp:attachment":[{"href":"https:\/\/obscom.intervozes.org.br\/index.php?rest_route=%2Fwp%2Fv2%2Fmedia&parent=18147"}],"wp:term":[{"taxonomy":"category","embeddable":true,"href":"https:\/\/obscom.intervozes.org.br\/index.php?rest_route=%2Fwp%2Fv2%2Fcategories&post=18147"},{"taxonomy":"post_tag","embeddable":true,"href":"https:\/\/obscom.intervozes.org.br\/index.php?rest_route=%2Fwp%2Fv2%2Ftags&post=18147"}],"curies":[{"name":"wp","href":"https:\/\/api.w.org\/{rel}","templated":true}]}}