{"id":18145,"date":"2007-04-09T17:09:47","date_gmt":"2007-04-09T17:09:47","guid":{"rendered":"https:\/\/obscom.intervozes.org.br\/wordpress\/?p=18145"},"modified":"2007-04-09T17:09:47","modified_gmt":"2007-04-09T17:09:47","slug":"procon-pede-alteracao-na-divulgacao-da-forma-de-cobranca","status":"publish","type":"post","link":"https:\/\/obscom.intervozes.org.br\/?p=18145","title":{"rendered":"Procon pede altera\u00e7\u00e3o na divulga\u00e7\u00e3o da forma de cobran\u00e7a"},"content":{"rendered":"<p>A Funda&ccedil;&atilde;o Procon-SP, &oacute;rg&atilde;o vinculado &agrave; Secretaria da Justi&ccedil;a e da Defesa da Cidadania, e a empresa Telefonica, em mais uma reuni&atilde;o realizada na &uacute;ltima sexta-feira (30\/03), definiram algumas altera&ccedil;&otilde;es na divulga&ccedil;&atilde;o das novas regras de telefonia &#8211; convers&atilde;o da tarifa&ccedil;&atilde;o de pulso para minuto.Os representantes da empresa ficaram de analisar outras sugest&otilde;es, mas concordaram em adotar tr&ecirc;s novos procedimentos nos pr&oacute;ximos dias: 1) Compromisso de n&atilde;o fazer a publicidade conjunta dos planos B&aacute;sico e Pasoo com os planos alternativos da empresa; 2) Utilizar uma linguagem mais did&aacute;ticasobre as diferen&ccedil;as entre os planos; 3) Manter um menu de call center exclusivo para os esclarecimentos dos planos obrigat&oacute;rios. <\/p>\n<p>Ainda sobre este mesmo assunto, nesta quarta-feira, 4 de abril, o diretor-executivo da Funda&ccedil;&atilde;o Procon-SP, Roberto Pfeiffer, se re&uacute;ne com representantes da Ag&ecirc;ncia Nacional de telecomunica&ccedil;&otilde;es (Anatel) e outros &oacute;rg&atilde;os de defesa do consumidor, em Bras&iacute;lia, para tamb&eacute;m discutir outras mudan&ccedil;as na forma de divulga&ccedil;&atilde;o dos planos obrigat&oacute;rios. <\/p>\n<p>Sobre as novas regras O Procon-SP entende que o consumidor tem o direito de obter amplainforma&ccedil;&atilde;o sobre os dois planos de oferta obrigat&oacute;ria, o Plano B&aacute;sico e o Plano Alternativo de Servi&ccedil;os de Oferta Obrigat&oacute;ria (Pasoo), antes de optar por um dos modelos. Nesse sentido, o cliente deve conhecer seu perfil de consumo (total de minutos, dura&ccedil;&atilde;o das liga&ccedil;&otilde;es, valor da conta etc.) e informa&ccedil;&otilde;es transparentes sobre as novas regras. <\/p>\n<p>Sem esse procedimento, cria-se a possibilidade de preju&iacute;zos ao consumidor, decorrentes da migra&ccedil;&atilde;o autom&aacute;tica ao Plano B&aacute;sico, quando se tratar de plano n&atilde;o adequado ao seu perfil de utiliza&ccedil;&atilde;o. Conforme estudos do &oacute;rg&atilde;ode defesa do consumidor, a melhor op&ccedil;&atilde;o depende de como o consumidor utiliza a linha telef&ocirc;nica: tipo de liga&ccedil;&atilde;o, tempo m&eacute;dio de cada liga&ccedil;&atilde;o, se usa internet discada, entre outros. <\/p>\n<p>A migra&ccedil;&atilde;o j&aacute; iniciou a partir da regi&atilde;o de S&atilde;o Jos&eacute; do Rio Preto, e ser&aacute; paulatina encerrando-se em julho deste ano, conforme cronograma dispon&iacute;vel para consulta no site das operadoras. Segundo proje&ccedil;&otilde;es feitas pelo Procon-SP, para liga&ccedil;&otilde;es inferiores a dois minutos e 30 segundos de dura&ccedil;&atilde;o, a tarifa do Plano B&aacute;sico &eacute; mais vantajosa. A partir de dois minutos e 30 segundos de dura&ccedil;&atilde;o, a chamada tem valor inferior no Plano Alternativo (PASOO). <\/p>\n","protected":false},"excerpt":{"rendered":"<p>A Funda&ccedil;&atilde;o Procon-SP, &oacute;rg&atilde;o vinculado &agrave; Secretaria da Justi&ccedil;a e da Defesa da Cidadania, e a empresa Telefonica, em mais uma reuni&atilde;o realizada na &uacute;ltima sexta-feira (30\/03), definiram algumas altera&ccedil;&otilde;es na divulga&ccedil;&atilde;o das novas regras de telefonia &#8211; convers&atilde;o da tarifa&ccedil;&atilde;o de pulso para minuto.Os representantes da empresa ficaram de analisar outras sugest&otilde;es, mas concordaram &hellip; <a href=\"https:\/\/obscom.intervozes.org.br\/?p=18145\" class=\"more-link\">Continue lendo <span class=\"screen-reader-text\">Procon pede altera\u00e7\u00e3o na divulga\u00e7\u00e3o da forma de cobran\u00e7a<\/span> <span class=\"meta-nav\">&rarr;<\/span><\/a><\/p>\n","protected":false},"author":1,"featured_media":0,"comment_status":"open","ping_status":"open","sticky":false,"template":"","format":"standard","meta":{"footnotes":""},"categories":[40],"tags":[149],"_links":{"self":[{"href":"https:\/\/obscom.intervozes.org.br\/index.php?rest_route=\/wp\/v2\/posts\/18145"}],"collection":[{"href":"https:\/\/obscom.intervozes.org.br\/index.php?rest_route=\/wp\/v2\/posts"}],"about":[{"href":"https:\/\/obscom.intervozes.org.br\/index.php?rest_route=\/wp\/v2\/types\/post"}],"author":[{"embeddable":true,"href":"https:\/\/obscom.intervozes.org.br\/index.php?rest_route=\/wp\/v2\/users\/1"}],"replies":[{"embeddable":true,"href":"https:\/\/obscom.intervozes.org.br\/index.php?rest_route=%2Fwp%2Fv2%2Fcomments&post=18145"}],"version-history":[{"count":0,"href":"https:\/\/obscom.intervozes.org.br\/index.php?rest_route=\/wp\/v2\/posts\/18145\/revisions"}],"wp:attachment":[{"href":"https:\/\/obscom.intervozes.org.br\/index.php?rest_route=%2Fwp%2Fv2%2Fmedia&parent=18145"}],"wp:term":[{"taxonomy":"category","embeddable":true,"href":"https:\/\/obscom.intervozes.org.br\/index.php?rest_route=%2Fwp%2Fv2%2Fcategories&post=18145"},{"taxonomy":"post_tag","embeddable":true,"href":"https:\/\/obscom.intervozes.org.br\/index.php?rest_route=%2Fwp%2Fv2%2Ftags&post=18145"}],"curies":[{"name":"wp","href":"https:\/\/api.w.org\/{rel}","templated":true}]}}