{"id":18143,"date":"2007-04-09T16:57:15","date_gmt":"2007-04-09T16:57:15","guid":{"rendered":"https:\/\/obscom.intervozes.org.br\/wordpress\/?p=18143"},"modified":"2007-04-09T16:57:15","modified_gmt":"2007-04-09T16:57:15","slug":"estrangeiros-devem-ajudar-na-definicao-de-politicas-para-tvs-publicas","status":"publish","type":"post","link":"https:\/\/obscom.intervozes.org.br\/?p=18143","title":{"rendered":"Estrangeiros devem ajudar na defini\u00e7\u00e3o de pol\u00edticas para TVs p\u00fablicas"},"content":{"rendered":"<p>Bras&iacute;lia &#8211; Ve&iacute;culos de comunica&ccedil;&atilde;o estrangeiros v&atilde;o participar das plen&aacute;rias finais do 1&ordm; F&oacute;rum Nacional de TVs P&uacute;blicas, de 8 a 11 de maio, em Bras&iacute;lia. Confirmaram presen&ccedil;a representantes de pa&iacute;ses da Am&eacute;rica Latina, Jap&atilde;o, Canad&aacute;, Alemanha e Estados Unidos. &#39;Eles v&atilde;o auxiliar no estabelecimento de um conjunto de recomenda&ccedil;&otilde;es que subsidiem o governo no desenvolvimento de pol&iacute;ticas de fomento, desenvolvimento e valoriza&ccedil;&atilde;o das tev&ecirc;s p&uacute;blicas no pa&iacute;s, afirma um dos coordenadores do grupo executivo do evento, M&aacute;rio Borgneth, tamb&eacute;m assessor especial do Minist&eacute;rio da Cultura. <\/p>\n<p>Segundo Borgneth, as delega&ccedil;&otilde;es internacionais v&atilde;o ajudar no &#39;acabamento final&#39; dos projetos e das pol&iacute;ticas para o novo cen&aacute;rio da comunica&ccedil;&atilde;o social brasileira, com a chegada da tev&ecirc; e do r&aacute;dio digitais. &#39;Isso obriga um rearranjo institucional, marcos regulat&oacute;rios dos modelos de gest&atilde;o e de produ&ccedil;&atilde;o. O f&oacute;rum resultar&aacute; num documento com recomenda&ccedil;&otilde;es para o planejamento futuro de pol&iacute;ticas de desenvolvimento para o setor. <\/p>\n<p>O Caderno de Debates &#8211; Volume 2 ser&aacute; divulgado neste encontro, com o resultado de oito grupos tem&aacute;ticos de trabalho: miss&atilde;o e finalidade das tev&ecirc;s p&uacute;blicas; configura&ccedil;&atilde;o jur&iacute;dica institucional; legisla&ccedil;&atilde;o e marcos regulat&oacute;rios; programa&ccedil;&atilde;o e marcos de neg&oacute;cios; tecnologia e infra-estrutura; migra&ccedil;&atilde;o digital; financiamento; rela&ccedil;&otilde;es internacionais. O 1&ordm; F&oacute;rum Nacional de TVs P&uacute;blicas tem apoio do Gabinete da Presid&ecirc;ncia da Rep&uacute;blica e da Casa Civil, e coordena&ccedil;&atilde;o da Secretaria do Audiovisual do Minist&eacute;rio da Cultura. Participam a Radiobr&aacute;s e a TVE\/Rede Brasil, al&eacute;m das seguintes entidades: Associa&ccedil;&atilde;o Brasileira das Emissoras P&uacute;blicas, Educativas e Culturais (Abepec), Associa&ccedil;&atilde;o Brasileira de Televis&atilde;o Universit&aacute;ria (ABTU), Associa&ccedil;&atilde;o Brasileira de Canais Comunit&aacute;rios (ABCCOM) e Associa&ccedil;&atilde;o Brasileira de Televis&otilde;es e R&aacute;dios Legislativas (Astral). <\/p>\n<p>&nbsp;<\/p>\n<p><img loading=\"lazy\" decoding=\"async\" style=\"width: 28px\" src=\"images\/stories\/politica_publicacoes\/c_invertido.png\" alt=\"Active Image\" width=\"28\" height=\"24\" \/><\/p>\n","protected":false},"excerpt":{"rendered":"<p>Ve\u00edculos de comunica\u00e7\u00e3o estrangeiros v\u00e3o participar das plen\u00e1rias finais do 1\u00ba F\u00f3rum Nacional de TVs P\u00fablicas, de 8 a 11 de maio, em Bras\u00edlia. Confirmaram presen\u00e7a representantes de pa\u00edses da Am\u00e9rica Latina, Jap\u00e3o, Canad\u00e1, Alemanha e Estados Unidos. <\/p>\n","protected":false},"author":1,"featured_media":0,"comment_status":"open","ping_status":"open","sticky":false,"template":"","format":"standard","meta":{"footnotes":""},"categories":[40],"tags":[60],"_links":{"self":[{"href":"https:\/\/obscom.intervozes.org.br\/index.php?rest_route=\/wp\/v2\/posts\/18143"}],"collection":[{"href":"https:\/\/obscom.intervozes.org.br\/index.php?rest_route=\/wp\/v2\/posts"}],"about":[{"href":"https:\/\/obscom.intervozes.org.br\/index.php?rest_route=\/wp\/v2\/types\/post"}],"author":[{"embeddable":true,"href":"https:\/\/obscom.intervozes.org.br\/index.php?rest_route=\/wp\/v2\/users\/1"}],"replies":[{"embeddable":true,"href":"https:\/\/obscom.intervozes.org.br\/index.php?rest_route=%2Fwp%2Fv2%2Fcomments&post=18143"}],"version-history":[{"count":0,"href":"https:\/\/obscom.intervozes.org.br\/index.php?rest_route=\/wp\/v2\/posts\/18143\/revisions"}],"wp:attachment":[{"href":"https:\/\/obscom.intervozes.org.br\/index.php?rest_route=%2Fwp%2Fv2%2Fmedia&parent=18143"}],"wp:term":[{"taxonomy":"category","embeddable":true,"href":"https:\/\/obscom.intervozes.org.br\/index.php?rest_route=%2Fwp%2Fv2%2Fcategories&post=18143"},{"taxonomy":"post_tag","embeddable":true,"href":"https:\/\/obscom.intervozes.org.br\/index.php?rest_route=%2Fwp%2Fv2%2Ftags&post=18143"}],"curies":[{"name":"wp","href":"https:\/\/api.w.org\/{rel}","templated":true}]}}