{"id":18142,"date":"2007-04-09T16:41:28","date_gmt":"2007-04-09T16:41:28","guid":{"rendered":"https:\/\/obscom.intervozes.org.br\/wordpress\/?p=18142"},"modified":"2007-04-09T16:41:28","modified_gmt":"2007-04-09T16:41:28","slug":"canal-de-noticias-da-record-competira-com-globonews","status":"publish","type":"post","link":"https:\/\/obscom.intervozes.org.br\/?p=18142","title":{"rendered":"Canal de not\u00edcias da Record competir\u00e1 com GloboNews"},"content":{"rendered":"<p>O Record News, canal que a Record prepara para ocupar as freq&uuml;&ecirc;ncias do grupo nas faixa de UHF e tamb&eacute;m para o mercado de TV por assinatura, estar&aacute; mais para o formato de notici&aacute;rios e programas de linha da GloboNews do que para o formato da BandNews (mais voltado ao hardnews\/manchetes e em formato rotativo). <\/p>\n<p>Os canais de not&iacute;cias dos grupos Globo e Record dever&atilde;o se enfrentar no line-up de operadoras em cidades onde a Record tiver concess&otilde;es em UHF. No DTH, a Telef&ocirc;nica quer o canal nos seus pacotes, principalmente porque tamb&eacute;m quer carregar o canal aberto da TV Record &#8211; hoje est&atilde;o na opera&ccedil;&atilde;o da Voc&ecirc; TV, nome do atual servi&ccedil;o prestado pela DTHi com a Telef&ocirc;nica, os canais abertos SBT e Rede TV!. O Record News tamb&eacute;m exibir&aacute; mat&eacute;rias feitas em outras pra&ccedil;as pelas afiliadas, e n&atilde;o se descarta, ainda, a compra de document&aacute;rios de terceiros.<\/p>\n<p>Segundo apurou este notici&aacute;rio, o projeto deste novo canal foi impulsionado pelo desempenho do jornalismo da emissora &#8211; proporcionalmente, o produto da Rede Record que mais cresceu em audi&ecirc;ncia em 2006 foi o telejornal noturno &#39;Jornal da Record&acirc;&euro;\u009d. Os executivos da Record v&ecirc;mh&aacute; alguns meses visitando instala&ccedil;&otilde;es de emissoras e fabricantes nos Estados Unidos. Mais uma leva destes profissionais vai para Las Vegas\/EUA, no pr&oacute;ximo m&ecirc;s, na feira da NAB, para comprar equipamentos para as instala&ccedil;&otilde;es da emissora na Barra Funda, em S&atilde;o Paulo. Em tempo: a data de trabalho para estr&eacute;ia do novo canal ainda est&aacute; em aberto, mas n&atilde;o deve ser anterior a julho, m&ecirc;s do Pan. <\/p>\n<p>&nbsp;<img loading=\"lazy\" decoding=\"async\" style=\"width: 25px\" src=\"images\/stories\/politica_publicacoes\/c_normal.png\" alt=\"Active Image\" width=\"25\" height=\"21\" \/><\/p>\n<p>&nbsp;<\/p>\n","protected":false},"excerpt":{"rendered":"<p>O Record News, canal que a Record prepara para ocupar as freq\u00fc\u00eancias do grupo nas faixa de UHF e tamb\u00e9m para o mercado de TV por assinatura, estar\u00e1 mais para o formato de notici\u00e1rios e programas de linha da GloboNews do que para o formato da BandNews.<\/p>\n","protected":false},"author":1,"featured_media":0,"comment_status":"open","ping_status":"open","sticky":false,"template":"","format":"standard","meta":{"footnotes":""},"categories":[40],"tags":[147],"_links":{"self":[{"href":"https:\/\/obscom.intervozes.org.br\/index.php?rest_route=\/wp\/v2\/posts\/18142"}],"collection":[{"href":"https:\/\/obscom.intervozes.org.br\/index.php?rest_route=\/wp\/v2\/posts"}],"about":[{"href":"https:\/\/obscom.intervozes.org.br\/index.php?rest_route=\/wp\/v2\/types\/post"}],"author":[{"embeddable":true,"href":"https:\/\/obscom.intervozes.org.br\/index.php?rest_route=\/wp\/v2\/users\/1"}],"replies":[{"embeddable":true,"href":"https:\/\/obscom.intervozes.org.br\/index.php?rest_route=%2Fwp%2Fv2%2Fcomments&post=18142"}],"version-history":[{"count":0,"href":"https:\/\/obscom.intervozes.org.br\/index.php?rest_route=\/wp\/v2\/posts\/18142\/revisions"}],"wp:attachment":[{"href":"https:\/\/obscom.intervozes.org.br\/index.php?rest_route=%2Fwp%2Fv2%2Fmedia&parent=18142"}],"wp:term":[{"taxonomy":"category","embeddable":true,"href":"https:\/\/obscom.intervozes.org.br\/index.php?rest_route=%2Fwp%2Fv2%2Fcategories&post=18142"},{"taxonomy":"post_tag","embeddable":true,"href":"https:\/\/obscom.intervozes.org.br\/index.php?rest_route=%2Fwp%2Fv2%2Ftags&post=18142"}],"curies":[{"name":"wp","href":"https:\/\/api.w.org\/{rel}","templated":true}]}}