{"id":18140,"date":"2007-04-09T15:24:27","date_gmt":"2007-04-09T15:24:27","guid":{"rendered":"https:\/\/obscom.intervozes.org.br\/wordpress\/?p=18140"},"modified":"2007-04-09T15:24:27","modified_gmt":"2007-04-09T15:24:27","slug":"emissoras-de-sp-recebem-autorizacao-para-transmissao","status":"publish","type":"post","link":"https:\/\/obscom.intervozes.org.br\/?p=18140","title":{"rendered":"Emissoras de SP recebem autoriza\u00e7\u00e3o para transmiss\u00e3o"},"content":{"rendered":"<p>Bras&iacute;lia &#8211; Dez emissoras de TV de S&atilde;o Paulo recebem nesta segunda-feira (9) autoriza&ccedil;&atilde;o do Minist&eacute;rio das Comunica&ccedil;&otilde;es para digitalizarem seu sinal de transmiss&atilde;o. A partir da assinatura do termo de consigna&ccedil;&atilde;o dos canais do Sistema Brasileiro de Televis&atilde;o Digital (SBTVD), as emissoras poder&atilde;o instalar os equipamentos necess&aacute;rios &agrave; transmiss&atilde;o digital comercial. Embora os dez canais devam estar aptos a transmitir pelo novo sistema at&eacute; o final deste ano, a migra&ccedil;&atilde;o do atual modelo (anal&oacute;gico) para o digital vai levar dez anos. <\/p>\n<p>Durante este per&iacute;odo, as emissoras ter&atilde;o de operar com ambos os sistemas, simultaneamente. Ap&oacute;s esse prazo, a digitaliza&ccedil;&atilde;o ser&aacute; obrigat&oacute;ria. At&eacute; l&aacute;, os consumidores ter&atilde;o de trocar de aparelho ou comprar um adaptador. Segundo o minist&eacute;rio, a partir de janeiro de 2008, a digitaliza&ccedil;&atilde;o deve ser estendida para Bras&iacute;lia, Rio de Janeiro e Belo Horizonte.<\/p>\n<p>&nbsp;<img loading=\"lazy\" decoding=\"async\" style=\"width: 18px\" src=\"images\/stories\/politica_publicacoes\/c_invertido.png\" alt=\"Active Image\" width=\"18\" height=\"16\" \/><\/p>\n<p>&nbsp;<\/p>\n","protected":false},"excerpt":{"rendered":"<p>Bras&iacute;lia &#8211; Dez emissoras de TV de S&atilde;o Paulo recebem nesta segunda-feira (9) autoriza&ccedil;&atilde;o do Minist&eacute;rio das Comunica&ccedil;&otilde;es para digitalizarem seu sinal de transmiss&atilde;o. A partir da assinatura do termo de consigna&ccedil;&atilde;o dos canais do Sistema Brasileiro de Televis&atilde;o Digital (SBTVD), as emissoras poder&atilde;o instalar os equipamentos necess&aacute;rios &agrave; transmiss&atilde;o digital comercial. Embora os dez &hellip; <a href=\"https:\/\/obscom.intervozes.org.br\/?p=18140\" class=\"more-link\">Continue lendo <span class=\"screen-reader-text\">Emissoras de SP recebem autoriza\u00e7\u00e3o para transmiss\u00e3o<\/span> <span class=\"meta-nav\">&rarr;<\/span><\/a><\/p>\n","protected":false},"author":1,"featured_media":0,"comment_status":"open","ping_status":"open","sticky":false,"template":"","format":"standard","meta":{"footnotes":""},"categories":[40],"tags":[79],"_links":{"self":[{"href":"https:\/\/obscom.intervozes.org.br\/index.php?rest_route=\/wp\/v2\/posts\/18140"}],"collection":[{"href":"https:\/\/obscom.intervozes.org.br\/index.php?rest_route=\/wp\/v2\/posts"}],"about":[{"href":"https:\/\/obscom.intervozes.org.br\/index.php?rest_route=\/wp\/v2\/types\/post"}],"author":[{"embeddable":true,"href":"https:\/\/obscom.intervozes.org.br\/index.php?rest_route=\/wp\/v2\/users\/1"}],"replies":[{"embeddable":true,"href":"https:\/\/obscom.intervozes.org.br\/index.php?rest_route=%2Fwp%2Fv2%2Fcomments&post=18140"}],"version-history":[{"count":0,"href":"https:\/\/obscom.intervozes.org.br\/index.php?rest_route=\/wp\/v2\/posts\/18140\/revisions"}],"wp:attachment":[{"href":"https:\/\/obscom.intervozes.org.br\/index.php?rest_route=%2Fwp%2Fv2%2Fmedia&parent=18140"}],"wp:term":[{"taxonomy":"category","embeddable":true,"href":"https:\/\/obscom.intervozes.org.br\/index.php?rest_route=%2Fwp%2Fv2%2Fcategories&post=18140"},{"taxonomy":"post_tag","embeddable":true,"href":"https:\/\/obscom.intervozes.org.br\/index.php?rest_route=%2Fwp%2Fv2%2Ftags&post=18140"}],"curies":[{"name":"wp","href":"https:\/\/api.w.org\/{rel}","templated":true}]}}