{"id":18137,"date":"2007-04-09T11:20:32","date_gmt":"2007-04-09T11:20:32","guid":{"rendered":"https:\/\/obscom.intervozes.org.br\/wordpress\/?p=18137"},"modified":"2007-04-09T11:20:32","modified_gmt":"2007-04-09T11:20:32","slug":"forum-de-tvs-publicas-lanca-2o-caderno-de-debates","status":"publish","type":"post","link":"https:\/\/obscom.intervozes.org.br\/?p=18137","title":{"rendered":"F\u00f3rum de TVs P\u00fablicas lan\u00e7a 2\u00ba caderno de debates"},"content":{"rendered":"<p><span>Os grupos tem&aacute;ticos de trabalho do I F&oacute;rum Nacional de TVs P&uacute;blicas conclu&iacute;ram a etapa de mapeamento do diagn&oacute;stico do segmento do campo p&uacute;blico de televis&atilde;o e de elabora&ccedil;&atilde;o das pautas a serem levadas para a plen&aacute;ria do encontro, que ocorrer&aacute; em maio deste ano. As conclus&otilde;es e os relat&oacute;rios est&atilde;o reunidos no Caderno de Debates Volume 2, que foi apresentado nesta segunda, 9 de abril, durante uma cerim&ocirc;nia no Pal&aacute;cio Gustavo Capanema, Sede do Minist&eacute;rio da Cultura (Minc) no Rio de Janeiro.&nbsp;&nbsp;<\/span><span>&nbsp;<br \/><\/span><span><br \/><a href=\"http:\/\/www.cultura.gov.br\/upload\/livro_TVs_24-11_1164825028.pdf\">O primeiro caderno de debates est&aacute; dispon&iacute;vel aqui.<\/a><br \/><a href=\"http:\/\/www.cultura.gov.br\/upload\/CadernodeDebatesVol2_1176127918.pdf\">O segundo caderno de debates est&aacute; dispon&iacute;vel aqui.<\/a><\/span><\/p>\n<p><span>No mesmo evento, o Intervozes apresentou aos membros do governo federal, das associa&ccedil;&otilde;es das emissoras do campo p&uacute;blico e das organiza&ccedil;&otilde;es sociais que participam do f&oacute;rum um documento com reflex&otilde;es e propostas para a constitui&ccedil;&atilde;o de um Sistema P&uacute;blico de Radiodifus&atilde;o (<a href=\"http:\/\/www.intervozes.org.br\/arquivos\/intervozes_sistemapublico.pdf\">confira o documento clicando aqui<\/a>).<\/span><span>&nbsp;<\/p>\n<p><\/span><span><strong>Caderno de Debates<\/strong>&nbsp; <\/span><span>&nbsp;<br \/><\/span><span>O segundo volume da publica&ccedil;&atilde;o Caderno de Debates: Relat&oacute;rios dos Grupos Tem&aacute;ticos de Trabalho foi desenvolvido e produzido a partir de uma s&eacute;rie de reuni&otilde;es realizadas, no m&ecirc;s de dezembro, pelos oito grupos tem&aacute;ticos. Cada grupo contou com a participa&ccedil;&atilde;o de representantes do Governo Federal, entidades do campo p&uacute;blico de televis&atilde;o e da sociedade civil. Os grupos tem&aacute;ticos s&atilde;o: Miss&atilde;o e Finalidade das TVs P&uacute;blicas, Configura&ccedil;&atilde;o Jur&iacute;dica Institucional, Legisla&ccedil;&atilde;o e Marcos Regulat&oacute;rios, Programa&ccedil;&atilde;o e Marcos de Neg&oacute;cios, Tecnologia e Infra-Estrutura, Migra&ccedil;&atilde;o Digital, Financiamento e Rela&ccedil;&otilde;es Internacionais. <\/span><span>&nbsp;<\/p>\n<p><\/span><span><strong>F&oacute;rum de TVs P&uacute;blicas<\/strong>&nbsp;<\/span><span>&nbsp;<br \/><\/span><span>As plen&aacute;rias finais para a realiza&ccedil;&atilde;o do F&oacute;rum Nacional de TVs P&uacute;blicas ter&atilde;o lugar em Bras&iacute;lia, entre os dias 8 e 11 de maio, com a participa&ccedil;&atilde;o de representantes de emissoras de TV e radiodifusoras p&uacute;blicas e educativas, TVs universit&aacute;rias, TVs comunit&aacute;rias, TVs legislativas, expositores internacionais, institui&ccedil;&otilde;es participantes dos grupos tem&aacute;ticos de trabalho, autoridades do Governo Federal, secret&aacute;rios estaduais de Cultura, organiza&ccedil;&otilde;es da sociedade civil e parlamentares.<\/span><span>&nbsp;<\/p>\n<p><\/span><span>Durante o evento, o ministro da Cultura, Gilberto Gil, disse que a televis&atilde;o p&uacute;blica foi desprezada no pa&iacute;s. Por isso, acrescentou, &eacute; preciso modernizar e atualizar esse tipo de emissora. Ele lembrou que a TV p&uacute;blica recebeu um certo investimento durante o regime militar, mas, nos anos seguintes, foi perdendo espa&ccedil;o no pa&iacute;s. <\/span><span>&nbsp;<\/p>\n<p><\/span><span>Gil afirmou ainda que a discuss&atilde;o sobre TV p&uacute;blica recebe &#39;amplo apoio&#39; do governo federal, e est&aacute; sendo consolidada,nos diversos setores da sociedade. &#39;Nunca houve tantos artigos, opini&otilde;es, reportagens, cr&iacute;ticas e manifesta&ccedil;&otilde;es sobre a quest&atilde;o da comunica&ccedil;&atilde;o social e da televis&atilde;o p&uacute;blica brasileira&#39;, disse Gil. &#39;Quero sublinhar essa vis&atilde;o da nossa sociedade, ao estabelecer a import&acirc;ncia da TV p&uacute;blica e ao firm&aacute;-la como institui&ccedil;&atilde;o chave da vida sociocultural brasileira e da viv&ecirc;ncia contempor&acirc;nea&#39;. <\/span><span>&nbsp;<\/p>\n<p><\/span><span>Membro do grupo executivo do evento, M&aacute;rio Borgneth est&aacute; confiante no resultado do processo de discuss&atilde;o sobre as tev&ecirc;s p&uacute;blicas do pa&iacute;s. &ldquo;Estamos tendo condi&ccedil;&otilde;es, nunca antes produzidas, de conhecimento da nossa realidade [das TVs p&uacute;blicas] e, sobretudo, daquilo que desejamos. O f&oacute;rum vai permitir ao governo pautar com mais seguran&ccedil;a os projetos e as pol&iacute;ticas para o novo cen&aacute;rio da comunica&ccedil;&atilde;o social brasileira, com a chegada da tev&ecirc; e do r&aacute;dio digitais. Isso obriga um rearranjo institucional, marcos regulat&oacute;rios dos modelos de gest&atilde;o e de produ&ccedil;&atilde;o&rdquo;, sublinha Borgneth.<\/span> <\/p>\n<p>&nbsp;<\/p>\n<p><span><img loading=\"lazy\" decoding=\"async\" style=\"width: 23px\" src=\"images\/stories\/politica_publicacoes\/c_invertido.png\" alt=\"Active Image\" width=\"23\" height=\"17\" \/><\/span><\/p>\n","protected":false},"excerpt":{"rendered":"<p>O I F\u00f3rum Nacional de TVs P\u00fablicas concluiu a etapa de mapeamento do diagn\u00f3stico e elabora\u00e7\u00e3o das pautas a serem levadas para a plen\u00e1ria do encontro, que ocorrer\u00e1 em maio deste ano. As conclus\u00f5es est\u00e3o reunidas no Caderno de Debates lan\u00e7ado nesta segunda, 9 de abril.<\/p>\n","protected":false},"author":1,"featured_media":0,"comment_status":"open","ping_status":"open","sticky":false,"template":"","format":"standard","meta":{"footnotes":""},"categories":[40],"tags":[58],"_links":{"self":[{"href":"https:\/\/obscom.intervozes.org.br\/index.php?rest_route=\/wp\/v2\/posts\/18137"}],"collection":[{"href":"https:\/\/obscom.intervozes.org.br\/index.php?rest_route=\/wp\/v2\/posts"}],"about":[{"href":"https:\/\/obscom.intervozes.org.br\/index.php?rest_route=\/wp\/v2\/types\/post"}],"author":[{"embeddable":true,"href":"https:\/\/obscom.intervozes.org.br\/index.php?rest_route=\/wp\/v2\/users\/1"}],"replies":[{"embeddable":true,"href":"https:\/\/obscom.intervozes.org.br\/index.php?rest_route=%2Fwp%2Fv2%2Fcomments&post=18137"}],"version-history":[{"count":0,"href":"https:\/\/obscom.intervozes.org.br\/index.php?rest_route=\/wp\/v2\/posts\/18137\/revisions"}],"wp:attachment":[{"href":"https:\/\/obscom.intervozes.org.br\/index.php?rest_route=%2Fwp%2Fv2%2Fmedia&parent=18137"}],"wp:term":[{"taxonomy":"category","embeddable":true,"href":"https:\/\/obscom.intervozes.org.br\/index.php?rest_route=%2Fwp%2Fv2%2Fcategories&post=18137"},{"taxonomy":"post_tag","embeddable":true,"href":"https:\/\/obscom.intervozes.org.br\/index.php?rest_route=%2Fwp%2Fv2%2Ftags&post=18137"}],"curies":[{"name":"wp","href":"https:\/\/api.w.org\/{rel}","templated":true}]}}