{"id":18135,"date":"2007-04-08T21:47:42","date_gmt":"2007-04-08T21:47:42","guid":{"rendered":"https:\/\/obscom.intervozes.org.br\/wordpress\/?p=18135"},"modified":"2007-04-08T21:47:42","modified_gmt":"2007-04-08T21:47:42","slug":"reforma-politica-deve-democratizar-a-comunicacao-diz-frente","status":"publish","type":"post","link":"https:\/\/obscom.intervozes.org.br\/?p=18135","title":{"rendered":"Reforma pol\u00edtica deve democratizar a comunica\u00e7\u00e3o, diz Frente"},"content":{"rendered":"<p>Coordenada pela deputa Luiza Erundina (PSB\/SP), a Frente Parlamentar pela  Reforma Pol&iacute;tica com Participa&ccedil;&atilde;o Popular apresentou a plataforma dos movimentos  sociais para as mudan&ccedil;as nos sistemas pol&iacute;tico, partid&aacute;rio e eleitoral  brasileiro. As reivindica&ccedil;&otilde;es incluem a democratiza&ccedil;&atilde;o da comunicac&ccedil;&atilde;o. O evento  aconteceu no &uacute;ltimo dia 27, na C&acirc;mara dos Deputados.<\/p>\n<p>A Frente pretende reunir parlamentares de todos os partidos pol&iacute;ticos, al&eacute;m  de representantes da sociedade civil e dos movimentos movimentos sociais.  Segundo Erundina, 257 parlamentares j&aacute; aderiram &agrave; Frente. Entre os integrantes  est&atilde;o os deputados Laurez Moreira (PSB-TO), Chico Alencar (P-SOL-RJ), Rubens  Otoni (PT-GO) e Raul Jungmann (PPS-PE).&nbsp;Tamb&eacute;m j&aacute; integram a Frente&nbsp;o jurista  F&aacute;bio Konder Comparato (OAB); o fil&oacute;sofo Jos&eacute; Ant&ocirc;nio Moroni (&quot;Mobiliza&ccedil;&atilde;o por  uma Reforma Pol&iacute;tica Ampla, Democr&aacute;tica e Participativa&quot;); Carlos Moura (CNBB);  Nat&aacute;lia Cruz (Articula&ccedil;&atilde;o das Mulheres Brasileiras); e C&eacute;lio Nori (&quot;Mobiliza&ccedil;&atilde;o  Pr&oacute;-Reforma Pol&iacute;tica com Mobiliza&ccedil;&atilde;o Popular&quot;), entre outros&nbsp;<\/p>\n<p>A&nbsp;plataforma foi pensada em cinco eixos: fortalecimento da democracia direta;  fortalecimento da democracia participativa; aperfei&ccedil;oamento da democracia  representativa; democratiza&ccedil;&atilde;o da comunica&ccedil;&atilde;o e da informa&ccedil;&atilde;o; transpar&ecirc;ncia e  democratiza&ccedil;&atilde;o do Poder Judici&aacute;rio. Br&aacute;ulio Costa Ribeiro, membro do Coletivo  Intervozes, um dos movimentos que participaram da constru&ccedil;&atilde;o da plataforma,  ressalta que ela &eacute; ampla, democr&aacute;tica e participativa. &ldquo;Nosso prop&oacute;sito &eacute; que a  reforma n&atilde;o fique restrita apenas ao sistema eleitoral, mas que seja um processo  mais amplo; que v&aacute; ao cerne da quest&atilde;o que &eacute; o uso do poder.&rdquo;<\/p>\n<p><strong>Democratiza&ccedil;&atilde;o da comunica&ccedil;&atilde;o e da informa&ccedil;&atilde;o<\/strong><\/p>\n<p>Durante o processo de desenvolvimento da plataforma, as  propostas relativas &agrave; democratiza&ccedil;&atilde;o da comunica&ccedil;&atilde;o foram consideradas  fundamentais&nbsp;para o &nbsp;processo de democratiza&ccedil;&atilde;o do pa&iacute;s. Segundo Ribeiro, &ldquo;o  poder da democracia brasileira nas m&atilde;os da sociedade, o acesso &agrave; informa&ccedil;&atilde;o, &agrave;  cultura, a possibilidade de aumentar a diversidade de opini&otilde;es e de id&eacute;ias no  cen&aacute;rio da comunica&ccedil;&atilde;o foram proposi&ccedil;&otilde;es muito bem aceitas&nbsp;e constitu&iacute;ram  um&nbsp;eixo&rdquo;.<\/p>\n<p>A cria&ccedil;&atilde;o de um sistema p&uacute;blico de comunica&ccedil;&atilde;o &eacute; tida como proposta central  do referido eixo. &ldquo;N&atilde;o &eacute; um sistema estatal e nem comercial, para deixar bem  claro o que entendemos por p&uacute;blico&rdquo;, afirma Ribeiro. Destacam-se tamb&eacute;m a  institui&ccedil;&atilde;o de mecanismos de controle p&uacute;blico, transparentes e democr&aacute;ticos,  especialmente nos atos de outorga e renova&ccedil;&atilde;o de concess&otilde;es das emissoras de  r&aacute;dio e televis&atilde;o; o fim da repress&atilde;o &agrave;s r&aacute;dios e televis&otilde;es comunit&aacute;rias, bem  como incentivos &agrave;s mesmas; a institui&ccedil;&atilde;o dos direitos de antena para  organiza&ccedil;&otilde;es da sociedade civil; e a ades&atilde;o ao software livre como uma  ferramenta p&uacute;blica de pol&iacute;ticas de compartilhamento do conhecimento e da  cultura.<\/p>\n<p>&nbsp;<\/p>\n","protected":false},"excerpt":{"rendered":"<p>Coordenada pela deputa Luiza Erundina (PSB\/SP), a Frente Parlamentar pela Reforma Pol\u00edtica com Participa\u00e7\u00e3o Popular apresentou a plataforma dos movimentos sociais para as mudan\u00e7as nos sistemas pol\u00edtico, partid\u00e1rio e eleitoral brasileiro. As reivindica\u00e7\u00f5es incluem a democratiza\u00e7\u00e3o da comunicac\u00e7\u00e3o. O evento aconteceu no \u00faltimo dia 27, na C\u00e2mara dos Deputados.<\/p>\n","protected":false},"author":1,"featured_media":0,"comment_status":"open","ping_status":"open","sticky":false,"template":"","format":"standard","meta":{"footnotes":""},"categories":[40],"tags":[104],"_links":{"self":[{"href":"https:\/\/obscom.intervozes.org.br\/index.php?rest_route=\/wp\/v2\/posts\/18135"}],"collection":[{"href":"https:\/\/obscom.intervozes.org.br\/index.php?rest_route=\/wp\/v2\/posts"}],"about":[{"href":"https:\/\/obscom.intervozes.org.br\/index.php?rest_route=\/wp\/v2\/types\/post"}],"author":[{"embeddable":true,"href":"https:\/\/obscom.intervozes.org.br\/index.php?rest_route=\/wp\/v2\/users\/1"}],"replies":[{"embeddable":true,"href":"https:\/\/obscom.intervozes.org.br\/index.php?rest_route=%2Fwp%2Fv2%2Fcomments&post=18135"}],"version-history":[{"count":0,"href":"https:\/\/obscom.intervozes.org.br\/index.php?rest_route=\/wp\/v2\/posts\/18135\/revisions"}],"wp:attachment":[{"href":"https:\/\/obscom.intervozes.org.br\/index.php?rest_route=%2Fwp%2Fv2%2Fmedia&parent=18135"}],"wp:term":[{"taxonomy":"category","embeddable":true,"href":"https:\/\/obscom.intervozes.org.br\/index.php?rest_route=%2Fwp%2Fv2%2Fcategories&post=18135"},{"taxonomy":"post_tag","embeddable":true,"href":"https:\/\/obscom.intervozes.org.br\/index.php?rest_route=%2Fwp%2Fv2%2Ftags&post=18135"}],"curies":[{"name":"wp","href":"https:\/\/api.w.org\/{rel}","templated":true}]}}