{"id":18132,"date":"2007-04-05T09:53:02","date_gmt":"2007-04-05T09:53:02","guid":{"rendered":"https:\/\/obscom.intervozes.org.br\/wordpress\/?p=18132"},"modified":"2007-04-05T09:53:02","modified_gmt":"2007-04-05T09:53:02","slug":"helio-costa-assina-consignacoes-de-canais-em-sao-paulo","status":"publish","type":"post","link":"https:\/\/obscom.intervozes.org.br\/?p=18132","title":{"rendered":"H\u00e9lio Costa assina consigna\u00e7\u00f5es de canais em S\u00e3o Paulo"},"content":{"rendered":"<p>O ministro H&eacute;lio Costa assinou nesta quarta-feira, 4, os atos consignando canais digitais para dez geradoras na cidade de S&atilde;o Paulo que cumpriram as determina&ccedil;&otilde;es da Portaria MC 652 de 2006. &Eacute;, na pr&aacute;tica, o primeiro ato oficial de consigna&ccedil;&atilde;o dos canais de TV digital no Brasil.<\/p>\n<p>Das geradoras paulistanas, apenas a TV Gospel n&atilde;o receber&aacute; sua consigna&ccedil;&atilde;o por ter atrasado a entrada do pedido para a renova&ccedil;&atilde;o da outorga. Na pr&oacute;xima segunda feira, dia 9 de abril, os contratos ser&atilde;o assinados pela outra parte (os representantes das emisssoras) em cerim&ocirc;nia a ser realizada no gabinete do ministro em Bras&iacute;lia. Da Reda&ccedil;&atilde;o &#8211; TELA VIVA News<\/p>\n","protected":false},"excerpt":{"rendered":"<p>O ministro H\u00e9lio Costa assinou nesta quarta-feira, 4, os atos consignando canais digitais para dez geradoras na cidade de S\u00e3o Paulo que cumpriram as determina\u00e7\u00f5es da Portaria MC 652 de 2006. \u00c9, o primeiro ato oficial de consigna\u00e7\u00e3o dos canais de TV digital.<\/p>\n","protected":false},"author":1,"featured_media":0,"comment_status":"open","ping_status":"open","sticky":false,"template":"","format":"standard","meta":{"footnotes":""},"categories":[40],"tags":[79],"_links":{"self":[{"href":"https:\/\/obscom.intervozes.org.br\/index.php?rest_route=\/wp\/v2\/posts\/18132"}],"collection":[{"href":"https:\/\/obscom.intervozes.org.br\/index.php?rest_route=\/wp\/v2\/posts"}],"about":[{"href":"https:\/\/obscom.intervozes.org.br\/index.php?rest_route=\/wp\/v2\/types\/post"}],"author":[{"embeddable":true,"href":"https:\/\/obscom.intervozes.org.br\/index.php?rest_route=\/wp\/v2\/users\/1"}],"replies":[{"embeddable":true,"href":"https:\/\/obscom.intervozes.org.br\/index.php?rest_route=%2Fwp%2Fv2%2Fcomments&post=18132"}],"version-history":[{"count":0,"href":"https:\/\/obscom.intervozes.org.br\/index.php?rest_route=\/wp\/v2\/posts\/18132\/revisions"}],"wp:attachment":[{"href":"https:\/\/obscom.intervozes.org.br\/index.php?rest_route=%2Fwp%2Fv2%2Fmedia&parent=18132"}],"wp:term":[{"taxonomy":"category","embeddable":true,"href":"https:\/\/obscom.intervozes.org.br\/index.php?rest_route=%2Fwp%2Fv2%2Fcategories&post=18132"},{"taxonomy":"post_tag","embeddable":true,"href":"https:\/\/obscom.intervozes.org.br\/index.php?rest_route=%2Fwp%2Fv2%2Ftags&post=18132"}],"curies":[{"name":"wp","href":"https:\/\/api.w.org\/{rel}","templated":true}]}}