{"id":18121,"date":"2007-04-03T14:48:00","date_gmt":"2007-04-03T14:48:00","guid":{"rendered":"https:\/\/obscom.intervozes.org.br\/wordpress\/?p=18121"},"modified":"2007-04-03T14:48:00","modified_gmt":"2007-04-03T14:48:00","slug":"mp-cria-secretaria-de-comunicacao-social","status":"publish","type":"post","link":"https:\/\/obscom.intervozes.org.br\/?p=18121","title":{"rendered":"MP cria Secretaria de Comunica\u00e7\u00e3o Social"},"content":{"rendered":"<p>Tramita na C&acirc;mara a Medida Provis&oacute;ria 360\/07, editada pelo Poder Executivo na &uacute;ltima quinta-feira (29), que cria a Secretaria de Comunica&ccedil;&atilde;o Social da Presid&ecirc;ncia da Rep&uacute;blica. O cargo de secret&aacute;rio tem status de ministro e j&aacute; est&aacute; ocupado, desde sexta-feira, pelo jornalista Franklin Martins. Ele tamb&eacute;m atuar&aacute; como porta-voz do presidente. <\/p>\n<p>A MP altera a Lei 10683\/03, relativa &agrave; organiza&ccedil;&atilde;o da Presid&ecirc;ncia da Rep&uacute;blica e dos minist&eacute;rios. Integram a estrutura da nova secretaria uma subchefia-executiva e at&eacute; tr&ecirc;s secretarias. <\/p>\n<p><strong>Atribui&ccedil;&otilde;es<br \/><\/strong><br \/>A nova secretaria ter&aacute; como atribui&ccedil;&otilde;es formular e implementar a pol&iacute;tica de comunica&ccedil;&atilde;o e divulga&ccedil;&atilde;o social do governo, al&eacute;m de coordenar, normatizar, supervisionar e controlar a publicidade e os patroc&iacute;nios dos &oacute;rg&atilde;os e entidades da administra&ccedil;&atilde;o p&uacute;blica federal, direta e indireta, e de sociedades sob controle da Uni&atilde;o. <\/p>\n<p>Tamb&eacute;m caber&aacute; &agrave; nova secretaria implantar programas informativos; organizar e desenvolver sistemas de informa&ccedil;&atilde;o e pesquisa de opini&atilde;o p&uacute;blica; coordenar a comunica&ccedil;&atilde;o interministerial e as a&ccedil;&otilde;es de informa&ccedil;&atilde;o e difus&atilde;o das pol&iacute;ticas de governo; e convocar as redes obrigat&oacute;rias de r&aacute;dio e televis&atilde;o. <\/p>\n<p>Outra importante fun&ccedil;&atilde;o da Secretaria de Comunica&ccedil;&atilde;o Social ser&aacute; coordenar e consolidar a implanta&ccedil;&atilde;o do sistema brasileiro de televis&atilde;o p&uacute;blica &#8211; a nova rede estatal de televis&atilde;o, cujo projeto j&aacute; est&aacute; pronto e foi elaborado pelo Minist&eacute;rio das Comunica&ccedil;&otilde;es. <\/p>\n<p><strong>Tramita&ccedil;&atilde;o<br \/><\/strong><br \/>A medida provis&oacute;ria tem regime de urg&ecirc;ncia e passa a trancar a pauta do Plen&aacute;rio a partir do dia 13 de maio.<\/p>\n<p><img loading=\"lazy\" decoding=\"async\" style=\"width: 28px\" src=\"images\/stories\/politica_publicacoes\/c_invertido.png\" alt=\"Active Image\" width=\"28\" height=\"24\" \/><\/p>\n","protected":false},"excerpt":{"rendered":"<p>J\u00e1 tramita na C\u00e2mara a Medida Provis\u00f3ria 360\/07, editada pelo Poder Executivo na \u00faltima quinta-feira (29), que cria a Secretaria de Comunica\u00e7\u00e3o Social da Presid\u00eancia da Rep\u00fablica. O cargo de secret\u00e1rio tem status de ministro e j\u00e1 est\u00e1 ocupado por Franklin Martins.<\/p>\n","protected":false},"author":1,"featured_media":0,"comment_status":"open","ping_status":"open","sticky":false,"template":"","format":"standard","meta":{"footnotes":""},"categories":[40],"tags":[142],"_links":{"self":[{"href":"https:\/\/obscom.intervozes.org.br\/index.php?rest_route=\/wp\/v2\/posts\/18121"}],"collection":[{"href":"https:\/\/obscom.intervozes.org.br\/index.php?rest_route=\/wp\/v2\/posts"}],"about":[{"href":"https:\/\/obscom.intervozes.org.br\/index.php?rest_route=\/wp\/v2\/types\/post"}],"author":[{"embeddable":true,"href":"https:\/\/obscom.intervozes.org.br\/index.php?rest_route=\/wp\/v2\/users\/1"}],"replies":[{"embeddable":true,"href":"https:\/\/obscom.intervozes.org.br\/index.php?rest_route=%2Fwp%2Fv2%2Fcomments&post=18121"}],"version-history":[{"count":0,"href":"https:\/\/obscom.intervozes.org.br\/index.php?rest_route=\/wp\/v2\/posts\/18121\/revisions"}],"wp:attachment":[{"href":"https:\/\/obscom.intervozes.org.br\/index.php?rest_route=%2Fwp%2Fv2%2Fmedia&parent=18121"}],"wp:term":[{"taxonomy":"category","embeddable":true,"href":"https:\/\/obscom.intervozes.org.br\/index.php?rest_route=%2Fwp%2Fv2%2Fcategories&post=18121"},{"taxonomy":"post_tag","embeddable":true,"href":"https:\/\/obscom.intervozes.org.br\/index.php?rest_route=%2Fwp%2Fv2%2Ftags&post=18121"}],"curies":[{"name":"wp","href":"https:\/\/api.w.org\/{rel}","templated":true}]}}