{"id":18120,"date":"2007-04-03T14:19:07","date_gmt":"2007-04-03T14:19:07","guid":{"rendered":"https:\/\/obscom.intervozes.org.br\/wordpress\/?p=18120"},"modified":"2007-04-03T14:19:07","modified_gmt":"2007-04-03T14:19:07","slug":"anatel-e-policia-federal-abuso-contra-pequenas-radios-de-sao-paulo","status":"publish","type":"post","link":"https:\/\/obscom.intervozes.org.br\/?p=18120","title":{"rendered":"Anatel e Pol\u00edcia Federal: abuso contra pequenas r\u00e1dios de S\u00e3o Paulo"},"content":{"rendered":"<p><span>A auto-intitulada Opera&ccedil;&atilde;o Interfer&ecirc;ncia executada em mar&ccedil;o pela Policia Federal (veja aqui) contra as r&aacute;dios comunit&aacute;rias em S&atilde;o Paulo foi uma flagrante ilegalidade que est&aacute; sendo contestada na Justi&ccedil;a.<\/span><span>&nbsp;<\/span><span>Em reuni&atilde;o na sede paulista da AMARC\/OBOR&Eacute; no dia 27 de mar&ccedil;o, algumas das associa&ccedil;&otilde;es prejudicadas decidiram entrar com medidas judiciais para interromper este abuso de poder das autoridades policiais e recuperar seus equipamentos apreendidos.<\/span><span>&nbsp;<\/span><span><\/p>\n<p>O N&uacute;cleo de Pr&aacute;tica Jur&iacute;dica\/Escrit&oacute;rio Modelo D. Paulo Evaristo Arns da PUC-SP est&aacute; dando entrada a um Habeas Corpus na Justi&ccedil;a Federal para trancamento dos inqu&eacute;ritos policiais em que foram baseadas as apreens&otilde;es da PF. A pedido de algumas das associa&ccedil;&otilde;es afetadas, o Escrit&oacute;rio Modelo tamb&eacute;m est&aacute; impetrando um mandado de seguran&ccedil;a para a devolu&ccedil;&atilde;o dos equipamentos apreendidos.<\/span><span>&nbsp;<\/span><span>&quot;Nosso equipamento estava fora de opera&ccedil;&atilde;o, todo empoeirado numa estante&quot;, disse Airton Eduardo dos Santos, da Associa&ccedil;&atilde;o Cultural de Vila Natal. &quot;Ningu&eacute;m estava operando r&aacute;dio nenhuma. Estamos esperando, isso sim, o pedido que fizemos atendendo ao Aviso de Habilita&ccedil;&atilde;o do Minist&eacute;rio das Comunica&ccedil;&otilde;es&quot;.<\/span><span>&nbsp;<\/span><span> <\/span><span><\/p>\n<p><\/span><span>Manifesta&ccedil;&otilde;es de apoio &agrave;s associa&ccedil;&otilde;es afetadas vieram logo. A Frente Parlamentar de Apoio &agrave;s R&aacute;dios Comunit&aacute;rias (ver aqui) est&aacute; convocando uma Audi&ecirc;ncia P&uacute;blica na Assembl&eacute;ia Legislativa de S&atilde;o Paulo. A data e detalhes da Audi&ecirc;ncia ser&atilde;o anunciadas durante a 9&ordf; Mesa de Trabalho com o Minist&eacute;rio das Comunica&ccedil;&otilde;es em Apoio &agrave;s R&aacute;dios Comunit&aacute;rias&nbsp; marcada para o dia 3 de abril, na C&acirc;mara Muncipal de S&atilde;o Paulo. <\/span><span>&nbsp;(Veja aqui).<\/span><span> <\/p>\n<p><\/span><span><strong>OPERA&Ccedil;&Atilde;O DA PF<\/strong> &#8211; Na segunda-feira, dia 26, Policia Federal deixou de lado bandidos perigosos, em S&atilde;o Paulo, e foi executar mandados de busca e apreens&atilde;o de equipamentos de radiodifus&atilde;o em associa&ccedil;&otilde;es comunit&aacute;rias da cidade. O crime que a PF estava cerceando era o de operar equipamento ilegal e, com isso, provocar interfer&ecirc;ncia &quot;nas resid&ecirc;ncias das imedia&ccedil;&otilde;es e nas comunica&ccedil;&otilde;es de pol&iacute;cia, bombeiros e navega&ccedil;&atilde;o a&eacute;rea&quot;, segundo disse ap&oacute;s a a&ccedil;&atilde;o policial o delegado da PF F&aacute;bio Henrique Maiurino.<\/span><span>&nbsp;<\/span><span> <\/span><\/p>\n<p><span>Nesta &#39;Opera&ccedil;&atilde;o Interfer&ecirc;ncia&#39;, com o objetivo de cumprir 37 mandados de busca e apreens&atilde;o nos munic&iacute;pios da Grande S&atilde;o Paulo. Segundo o delegado, os propriet&aacute;rios das emissoras fechadas foram encaminhados para a sede da PF para que fosse lavrado um termo circunstanciado. Em 19 locais foram apreendidos equipamentos, em 15 os agentes encontraram emissoras operando e em tr&ecirc;s s&oacute; havia equipamento desligado &#8211; que, mesmo assim, foi confiscado.<\/span><span><strong>&nbsp;<\/strong><\/span><span><strong><\/p>\n<p>AGUARDANDO CONCESS&Atilde;O<\/strong> &#8211; Airton Eduardo dos Santos, presidente da Associa&ccedil;&atilde;o Cultural Comunit&aacute;ria de Vila Natal, na zona sul paulistana, local onde desde 1999 estava instalada a R&aacute;dio Alitavi FM, disse que foi surpreendido pela opera&ccedil;&atilde;o, principalmente porque a emissora n&atilde;o estava em opera&ccedil;&atilde;o.<\/span><span>&nbsp;<\/span><span>Em entrevista &agrave; Ag&ecirc;ncia Brasil, Santos disse que j&aacute; tinha enviado toda a documenta&ccedil;&atilde;o necess&aacute;ria para obter a concess&atilde;o da Anatel. &quot;O equipamento estava completamente desligado, o est&uacute;dio estava vazio e a antena desconectada porque a gente estava aguardando a concess&atilde;o&rdquo;.<\/span><span>&nbsp;<\/span><span>Para o delegado, o fato de uma r&aacute;dio estar esperando a concess&atilde;o ou estar com os seus equipamentos desligados n&atilde;o impede de que ela seja autuada. &ldquo;Essas r&aacute;dios, embora n&atilde;o estejam funcionando no momento, podem j&aacute; ter funcionado no passado&rdquo;.<\/span><span>&nbsp;<\/span><span>Participaram da opera&ccedil;&atilde;o 80 agentes da PF e 39 agentes de fiscaliza&ccedil;&atilde;o da Anatel. Os propriet&aacute;rios das r&aacute;dios v&atilde;o responder pelo crime de atividade de radiodifus&atilde;o indevida e podem ser acusados de atentado contra a seguran&ccedil;a de transporte a&eacute;reo, crime previsto no C&oacute;digo Penal.<\/span><br \/><img decoding=\"async\" src=\"https:\/\/obscom.intervozes.org.br\/images\/stories\/politica_publicacoes\/c_invertido.png\" alt=\"Active Image\" width=\"100\" \/><\/p>\n<p>&nbsp;<\/p>\n","protected":false},"excerpt":{"rendered":"<p>A auto-intitulada Opera&ccedil;&atilde;o Interfer&ecirc;ncia executada em mar&ccedil;o pela Policia Federal (veja aqui) contra as r&aacute;dios comunit&aacute;rias em S&atilde;o Paulo foi uma flagrante ilegalidade que est&aacute; sendo contestada na Justi&ccedil;a.&nbsp;Em reuni&atilde;o na sede paulista da AMARC\/OBOR&Eacute; no dia 27 de mar&ccedil;o, algumas das associa&ccedil;&otilde;es prejudicadas decidiram entrar com medidas judiciais para interromper este abuso de poder &hellip; <a href=\"https:\/\/obscom.intervozes.org.br\/?p=18120\" class=\"more-link\">Continue lendo <span class=\"screen-reader-text\">Anatel e Pol\u00edcia Federal: abuso contra pequenas r\u00e1dios de S\u00e3o Paulo<\/span> <span class=\"meta-nav\">&rarr;<\/span><\/a><\/p>\n","protected":false},"author":1,"featured_media":0,"comment_status":"open","ping_status":"open","sticky":false,"template":"","format":"standard","meta":{"footnotes":""},"categories":[40],"tags":[77],"_links":{"self":[{"href":"https:\/\/obscom.intervozes.org.br\/index.php?rest_route=\/wp\/v2\/posts\/18120"}],"collection":[{"href":"https:\/\/obscom.intervozes.org.br\/index.php?rest_route=\/wp\/v2\/posts"}],"about":[{"href":"https:\/\/obscom.intervozes.org.br\/index.php?rest_route=\/wp\/v2\/types\/post"}],"author":[{"embeddable":true,"href":"https:\/\/obscom.intervozes.org.br\/index.php?rest_route=\/wp\/v2\/users\/1"}],"replies":[{"embeddable":true,"href":"https:\/\/obscom.intervozes.org.br\/index.php?rest_route=%2Fwp%2Fv2%2Fcomments&post=18120"}],"version-history":[{"count":0,"href":"https:\/\/obscom.intervozes.org.br\/index.php?rest_route=\/wp\/v2\/posts\/18120\/revisions"}],"wp:attachment":[{"href":"https:\/\/obscom.intervozes.org.br\/index.php?rest_route=%2Fwp%2Fv2%2Fmedia&parent=18120"}],"wp:term":[{"taxonomy":"category","embeddable":true,"href":"https:\/\/obscom.intervozes.org.br\/index.php?rest_route=%2Fwp%2Fv2%2Fcategories&post=18120"},{"taxonomy":"post_tag","embeddable":true,"href":"https:\/\/obscom.intervozes.org.br\/index.php?rest_route=%2Fwp%2Fv2%2Ftags&post=18120"}],"curies":[{"name":"wp","href":"https:\/\/api.w.org\/{rel}","templated":true}]}}