{"id":18119,"date":"2007-04-03T12:55:29","date_gmt":"2007-04-03T12:55:29","guid":{"rendered":"https:\/\/obscom.intervozes.org.br\/wordpress\/?p=18119"},"modified":"2007-04-03T12:55:29","modified_gmt":"2007-04-03T12:55:29","slug":"forum-de-tvs-publicas-lanca-segundo-caderno-de-debates","status":"publish","type":"post","link":"https:\/\/obscom.intervozes.org.br\/?p=18119","title":{"rendered":"F\u00f3rum de TVs P\u00fablicas lan\u00e7a segundo Caderno de Debates"},"content":{"rendered":"<p>Os grupos tem&aacute;ticos de trabalho do I F&oacute;rum Nacional de TVs P&uacute;blicas concluiram a etapa de mapeamento do diagn&oacute;stico do segmento do campo p&uacute;blico de televis&atilde;o e de elabora&ccedil;&atilde;o das pautas a serem levadas para a plen&aacute;ria do encontro, que ocorrer&aacute; em maio deste ano. As conclus&otilde;es e os relat&oacute;rios est&atilde;o reunidos no Caderno de Debates Volume 2, que ser&aacute; apresentado na pr&oacute;xima segunda-feira, 9, no Rio de Janeiro. O lan&ccedil;amento contar&aacute; com as presen&ccedil;as do ministro-chefe da Secretaria-Geral da Presid&ecirc;ncia da Rep&uacute;blica, Luiz Dulci; do ministro da Cultura, Gilberto Gil; do secret&aacute;rio executivo do MinC, Juca Ferreira; e do secret&aacute;rio do Audiovisual, Orlando Senna.<br \/>O segundo volume da publica&ccedil;&atilde;o foi desenvolvido e produzido a partir de uma s&eacute;rie de reuni&otilde;es realizadas, no m&ecirc;s de dezembro, pelos oito grupos tem&aacute;ticos. Cada grupo contou com a participa&ccedil;&atilde;o de representantes do Governo Federal, entidades do campo p&uacute;blico de televis&atilde;o e da sociedade civil. S&atilde;o eles: Miss&atilde;o e Finalidade das TVs P&uacute;blicas, Configura&ccedil;&atilde;o Jur&iacute;dica Institucional, Legisla&ccedil;&atilde;o e Marcos Regulat&oacute;rios, Programa&ccedil;&atilde;o e Marcos de Neg&oacute;cios, Tecnologia e Infra-Estrutura, Migra&ccedil;&atilde;o Digital, Financiamento e Rela&ccedil;&otilde;es Internacionais.<\/p>\n<p><strong>F&oacute;rum de TVs P&uacute;blicas<\/strong><\/p>\n<p>As plen&aacute;rias finais para a realiza&ccedil;&atilde;o do F&oacute;rum Nacional de TVs P&uacute;blicas ter&atilde;o lugar em Bras&iacute;lia, entre 8 e 11 de maio, com a participa&ccedil;&atilde;o de representantes de emissoras de TV e radiodifusoras p&uacute;blicas e educativas, TVs universit&aacute;rias, TVs comunit&aacute;rias, TVs legislativas, expositores internacionais, institui&ccedil;&otilde;es participantes dos grupos tem&aacute;ticos de trabalho, autoridades do Governo Federal, secret&aacute;rios estaduais de Cultura, organiza&ccedil;&otilde;es da sociedade civil e parlamentares. <\/p>\n<p>&nbsp;<img loading=\"lazy\" decoding=\"async\" style=\"width: 20px\" src=\"images\/stories\/politica_publicacoes\/c_normal.png\" alt=\"Active Image\" width=\"20\" height=\"17\" \/><\/p>\n<p>&nbsp;<\/p>\n","protected":false},"excerpt":{"rendered":"<p>Os grupos tem\u00e1ticos de trabalho do I F\u00f3rum Nacional de TVs P\u00fablicas concluiram a etapa de mapeamento do diagn\u00f3stico do segmento do campo p\u00fablico de televis\u00e3o e de elabora\u00e7\u00e3o das pautas a serem levadas para a plen\u00e1ria do encontro, que ocorrer\u00e1 em maio deste ano.<\/p>\n","protected":false},"author":1,"featured_media":0,"comment_status":"open","ping_status":"open","sticky":false,"template":"","format":"standard","meta":{"footnotes":""},"categories":[40],"tags":[59],"_links":{"self":[{"href":"https:\/\/obscom.intervozes.org.br\/index.php?rest_route=\/wp\/v2\/posts\/18119"}],"collection":[{"href":"https:\/\/obscom.intervozes.org.br\/index.php?rest_route=\/wp\/v2\/posts"}],"about":[{"href":"https:\/\/obscom.intervozes.org.br\/index.php?rest_route=\/wp\/v2\/types\/post"}],"author":[{"embeddable":true,"href":"https:\/\/obscom.intervozes.org.br\/index.php?rest_route=\/wp\/v2\/users\/1"}],"replies":[{"embeddable":true,"href":"https:\/\/obscom.intervozes.org.br\/index.php?rest_route=%2Fwp%2Fv2%2Fcomments&post=18119"}],"version-history":[{"count":0,"href":"https:\/\/obscom.intervozes.org.br\/index.php?rest_route=\/wp\/v2\/posts\/18119\/revisions"}],"wp:attachment":[{"href":"https:\/\/obscom.intervozes.org.br\/index.php?rest_route=%2Fwp%2Fv2%2Fmedia&parent=18119"}],"wp:term":[{"taxonomy":"category","embeddable":true,"href":"https:\/\/obscom.intervozes.org.br\/index.php?rest_route=%2Fwp%2Fv2%2Fcategories&post=18119"},{"taxonomy":"post_tag","embeddable":true,"href":"https:\/\/obscom.intervozes.org.br\/index.php?rest_route=%2Fwp%2Fv2%2Ftags&post=18119"}],"curies":[{"name":"wp","href":"https:\/\/api.w.org\/{rel}","templated":true}]}}