{"id":18117,"date":"2007-04-03T10:54:11","date_gmt":"2007-04-03T10:54:11","guid":{"rendered":"https:\/\/obscom.intervozes.org.br\/wordpress\/?p=18117"},"modified":"2007-04-03T10:54:11","modified_gmt":"2007-04-03T10:54:11","slug":"pf-descumpre-lei-em-fechamento-de-radios-comunitarias","status":"publish","type":"post","link":"https:\/\/obscom.intervozes.org.br\/?p=18117","title":{"rendered":"PF descumpre Lei em fechamento de r\u00e1dios comunit\u00e1rias"},"content":{"rendered":"<p><span>S&atilde;o Paulo &#8211; A opera&ccedil;&atilde;o da &uacute;ltima segunda-feira (26) da Pol&iacute;cia Federal, que levou ao fechamento de pelo menos tr&ecirc;s r&aacute;dios comunit&aacute;rias,&nbsp; gerou cr&iacute;ticas dos presidentes de duas associa&ccedil;&otilde;es de bairro. Segundo eles, as r&aacute;dios n&atilde;o estavam sequer em funcionamento para configurar uma irregularidade que justificasse a a&ccedil;&atilde;o repressiva dos policiais.<\/span><span>&nbsp;<\/p>\n<p><\/span><span>De acordo com Airton Eduardo dos Santos, da Associa&ccedil;&atilde;o Cultural Comunit&aacute;ria de Vila Natal, bairro que concentra cerca de 40 mil pessoas na zona Sul da cidade, a R&aacute;dio Alitavi FM j&aacute; n&atilde;o estava em opera&ccedil;&atilde;o quando foi surpreendida pela apreens&atilde;o dos equipamentos de radiodifus&atilde;o. &ldquo;O equipamento estava completamente desligado, o est&uacute;dio estava vazio, a antena desconectada, porque a gente estava aguardando a concess&atilde;o&rdquo;, afirmou.<\/span><span>&nbsp;<\/p>\n<p><\/span><span>Para Jos&eacute; Luis Ribeiro, presidente da Central &Uacute;nica de Associa&ccedil;&otilde;es, que pretende obter uma concess&atilde;o para a r&aacute;dio Super Dimens&atilde;o, a opera&ccedil;&atilde;o policial de ontem demonstrou &ldquo;que a Anatel est&aacute; desinformada sobre o aviso de habilita&ccedil;&atilde;o&rdquo;.<\/span><span>&nbsp;<\/span><span>Ele argumentou que est&aacute; seguindo o &quot;processo direitinho desde dezembro&ldquo;. <\/p>\n<p>E explicou: &quot;Entramos com nossa documenta&ccedil;&atilde;o no Minist&eacute;rio das Comunica&ccedil;&otilde;es. Passei o n&uacute;mero do meu processo para o fiscal ontem, mas a Anatel n&atilde;o estava informada a esse respeito ou sobre esse n&uacute;mero. Senti falta de informa&ccedil;&atilde;o do que acontece com as r&aacute;dios comunit&aacute;rias&rdquo;.<\/span><span>&nbsp;<\/span><span>Ribeiro disse temer que a a&ccedil;&atilde;o policial prejudique o processo de habilita&ccedil;&atilde;o da r&aacute;dio. &ldquo;Esse &eacute; o meu grande medo porque l&aacute; eles n&atilde;o fecharam a r&aacute;dio. Eles alegaram que configurava a exist&ecirc;ncia de uma r&aacute;dio. N&atilde;o existia a r&aacute;dio funcionando ali, existiam os equipamentos&rdquo;, afirmou.<\/span><span>&nbsp;<br \/><\/span><span><br \/>Para o presidente da Central &Uacute;nica de Associa&ccedil;&otilde;es, a abordagem da Pol&iacute;cia Federal durante a Opera&ccedil;&atilde;o Interfer&ecirc;ncia gerou discrimina&ccedil;&atilde;o: &ldquo;Praticamente somos tratados como pessoas que est&atilde;o cometendo o maior crime do mundo. E o que a gente mais quer, na realidade, &eacute; passar informa&ccedil;&atilde;o, fazer um social&rdquo;.<\/span><span>&nbsp;<\/span><span>A central foi criada em dezembro passado, segundo Ribeiro, com o objetivo de conseguir a habilita&ccedil;&atilde;o e atender a comunidade de Jabaquara, bairro com cerca de 170 mil pessoas, tamb&eacute;m na zona Sul. &ldquo;&Eacute; um bairro muito problem&aacute;tico, com 98 favelas. A fun&ccedil;&atilde;o dessa r&aacute;dio comunit&aacute;ria seria de abordar os problemas dentro dessas favelas, onde falta informa&ccedil;&atilde;o. <\/p>\n<p>O problema que esse lugar enfrenta n&atilde;o &eacute; o mesmo do bairro do Morumbi, por exemplo. Temos problemas de enchentes, de doen&ccedil;as, de lixo. A fun&ccedil;&atilde;o dessa r&aacute;dio, no futuro, seria fazer toda essa &aacute;rea social&rdquo;, afirmou.<\/span><span>&nbsp;<\/span><span>Na tarde de hoje (27), representantes das associa&ccedil;&otilde;es comunit&aacute;rias e do Escrit&oacute;rio Modelo da Pontif&iacute;cia Universidade Cat&oacute;lica de S&atilde;o Paulo (que presta apoio jur&iacute;dico &agrave;s r&aacute;dios) e representantes da C&acirc;mara Municipal e da Assembl&eacute;ia Legislativa de S&atilde;o Paulo decidiram, em reuni&atilde;o na sede da Associa&ccedil;&atilde;o Mundial das R&aacute;dios Comunit&aacute;rias e Cidad&atilde;s (Amarc-Obor&eacute;), entrar com uma a&ccedil;&atilde;o judicial contestando a opera&ccedil;&atilde;o da Pol&iacute;cia Federal.<\/span><span>&nbsp;<\/span><span>Na ter&ccedil;a-feira (3), segundo Ribeiro, as r&aacute;dios atingidas dever&atilde;o entrar com pedido de trancamento do inqu&eacute;rito na Justi&ccedil;a e solicitar tamb&eacute;m a devolu&ccedil;&atilde;o dos equipamentos apreendidos. <\/span><span>&nbsp;<\/span><span>&nbsp;<\/span><span>&nbsp;<\/span><\/p>\n","protected":false},"excerpt":{"rendered":"<p>S\u00e3o Paulo &#8211; A opera\u00e7\u00e3o da \u00faltima segunda-feira (26) da Pol\u00edcia Federal, que levou ao fechamento de pelo menos tr\u00eas r\u00e1dios comunit\u00e1rias, gerou cr\u00edticas dos presidentes de duas associa\u00e7\u00f5es de bairro.<\/p>\n","protected":false},"author":1,"featured_media":0,"comment_status":"open","ping_status":"open","sticky":false,"template":"","format":"standard","meta":{"footnotes":""},"categories":[40],"tags":[60],"_links":{"self":[{"href":"https:\/\/obscom.intervozes.org.br\/index.php?rest_route=\/wp\/v2\/posts\/18117"}],"collection":[{"href":"https:\/\/obscom.intervozes.org.br\/index.php?rest_route=\/wp\/v2\/posts"}],"about":[{"href":"https:\/\/obscom.intervozes.org.br\/index.php?rest_route=\/wp\/v2\/types\/post"}],"author":[{"embeddable":true,"href":"https:\/\/obscom.intervozes.org.br\/index.php?rest_route=\/wp\/v2\/users\/1"}],"replies":[{"embeddable":true,"href":"https:\/\/obscom.intervozes.org.br\/index.php?rest_route=%2Fwp%2Fv2%2Fcomments&post=18117"}],"version-history":[{"count":0,"href":"https:\/\/obscom.intervozes.org.br\/index.php?rest_route=\/wp\/v2\/posts\/18117\/revisions"}],"wp:attachment":[{"href":"https:\/\/obscom.intervozes.org.br\/index.php?rest_route=%2Fwp%2Fv2%2Fmedia&parent=18117"}],"wp:term":[{"taxonomy":"category","embeddable":true,"href":"https:\/\/obscom.intervozes.org.br\/index.php?rest_route=%2Fwp%2Fv2%2Fcategories&post=18117"},{"taxonomy":"post_tag","embeddable":true,"href":"https:\/\/obscom.intervozes.org.br\/index.php?rest_route=%2Fwp%2Fv2%2Ftags&post=18117"}],"curies":[{"name":"wp","href":"https:\/\/api.w.org\/{rel}","templated":true}]}}